{"id":4978,"date":"2018-11-06T09:10:23","date_gmt":"2018-11-06T07:10:23","guid":{"rendered":"http:\/\/www.accomplir.asso.fr\/accomplir\/?p=4978"},"modified":"2021-01-06T10:33:22","modified_gmt":"2021-01-06T08:33:22","slug":"la-fontaine-des-innocents-vouee-a-disparaitre","status":"publish","type":"post","link":"http:\/\/www.accomplir.asso.fr\/accomplir\/?p=4978","title":{"rendered":"La fontaine des Innocents vou\u00e9e \u00e0 disparaitre ?"},"content":{"rendered":"<p><b><img loading=\"lazy\" class=\"wp-image-4979 alignleft\" src=\"http:\/\/www.accomplir.asso.fr\/accomplir\/wp-content\/uploads\/2018\/11\/les-fontaine-des-innocents.jpg\" alt=\"\" width=\"361\" height=\"271\" srcset=\"http:\/\/www.accomplir.asso.fr\/accomplir\/wp-content\/uploads\/2018\/11\/les-fontaine-des-innocents.jpg 550w, http:\/\/www.accomplir.asso.fr\/accomplir\/wp-content\/uploads\/2018\/11\/les-fontaine-des-innocents-300x225.jpg 300w\" sizes=\"(max-width: 361px) 100vw, 361px\" \/>I<\/b>l y a quelques ann\u00e9es Accomplir a eu l\u2019id\u00e9e de lancer un appel aux dons priv\u00e9s (particuliers, associations) pour la r\u00e9novation de la Fontaine des Innocents. Peu de temps apr\u00e8s, le Conseil de Paris a vot\u00e9 en novembre 2014 un budget de 4 M\u20ac pour remettre ce monument du 16\u00e8me si\u00e8cle en \u00e9tat. Nous \u00e9tions ravis par cette d\u00e9cision. H\u00e9las, rien n\u2019a \u00e9t\u00e9 fait ! Interrog\u00e9e sur ce sujet en d\u00e9cembre 2016, la Mairie de Paris a r\u00e9pondu qu\u2019elle lan\u00e7ait une nouvelle \u00e9tude de faisabilit\u00e9 et nous avons appris tout r\u00e9cemment qu\u2019elle n\u2019envisageait plus de r\u00e9gler la facture toute seule et qu\u2019elle cherchait \u00e0 partager les frais avec d\u2019autres partenaires : c\u2019est normal, quand on a d\u00e9pens\u00e9 1 milliard pour la Canop\u00e9e, on devient \u00e9conome\u2026Comme souvent, la Mairie de Paris se contente de promesses et pendant ce temps la Fontaine des Innocents se d\u00e9grade chaque jour un peu plus.<span class=\"Apple-converted-space\">\u00a0<\/span><\/p>\n","protected":false},"excerpt":{"rendered":"<p>Il y a quelques ann\u00e9es Accomplir a eu l\u2019id\u00e9e de lancer un appel aux dons priv\u00e9s (particuliers, associations) pour la r\u00e9novation de la Fontaine des Innocents. Peu de temps apr\u00e8s, le Conseil de Paris a vot\u00e9 en novembre 2014 un budget de 4 M\u20ac pour remettre ce monument du 16\u00e8me si\u00e8cle en \u00e9tat. Nous \u00e9tions &hellip; <a href=\"http:\/\/www.accomplir.asso.fr\/accomplir\/?p=4978\" class=\"more-link\">Continuer la lecture de <span class=\"screen-reader-text\">La fontaine des Innocents vou\u00e9e \u00e0 disparaitre ?<\/span>  <span class=\"meta-nav\">&rarr;<\/span><\/a><\/p>\n","protected":false},"author":4,"featured_media":0,"comment_status":"open","ping_status":"open","sticky":false,"template":"","format":"standard","meta":[],"categories":[5],"tags":[],"_links":{"self":[{"href":"http:\/\/www.accomplir.asso.fr\/accomplir\/index.php?rest_route=\/wp\/v2\/posts\/4978"}],"collection":[{"href":"http:\/\/www.accomplir.asso.fr\/accomplir\/index.php?rest_route=\/wp\/v2\/posts"}],"about":[{"href":"http:\/\/www.accomplir.asso.fr\/accomplir\/index.php?rest_route=\/wp\/v2\/types\/post"}],"author":[{"embeddable":true,"href":"http:\/\/www.accomplir.asso.fr\/accomplir\/index.php?rest_route=\/wp\/v2\/users\/4"}],"replies":[{"embeddable":true,"href":"http:\/\/www.accomplir.asso.fr\/accomplir\/index.php?rest_route=%2Fwp%2Fv2%2Fcomments&post=4978"}],"version-history":[{"count":1,"href":"http:\/\/www.accomplir.asso.fr\/accomplir\/index.php?rest_route=\/wp\/v2\/posts\/4978\/revisions"}],"predecessor-version":[{"id":4980,"href":"http:\/\/www.accomplir.asso.fr\/accomplir\/index.php?rest_route=\/wp\/v2\/posts\/4978\/revisions\/4980"}],"wp:attachment":[{"href":"http:\/\/www.accomplir.asso.fr\/accomplir\/index.php?rest_route=%2Fwp%2Fv2%2Fmedia&parent=4978"}],"wp:term":[{"taxonomy":"category","embeddable":true,"href":"http:\/\/www.accomplir.asso.fr\/accomplir\/index.php?rest_route=%2Fwp%2Fv2%2Fcategories&post=4978"},{"taxonomy":"post_tag","embeddable":true,"href":"http:\/\/www.accomplir.asso.fr\/accomplir\/index.php?rest_route=%2Fwp%2Fv2%2Ftags&post=4978"}],"curies":[{"name":"wp","href":"https:\/\/api.w.org\/{rel}","templated":true}]}}