{"id":4550,"date":"2017-11-10T11:23:04","date_gmt":"2017-11-10T09:23:04","guid":{"rendered":"http:\/\/www.accomplir.asso.fr\/accomplir\/?p=4550"},"modified":"2021-01-06T10:36:33","modified_gmt":"2021-01-06T08:36:33","slug":"une-video-sur-la-bagagerie-mains-libres","status":"publish","type":"post","link":"http:\/\/www.accomplir.asso.fr\/accomplir\/?p=4550","title":{"rendered":"Une vid\u00e9o sur la bagagerie Mains Libres"},"content":{"rendered":"<p><a href=\"http:\/\/www.accomplir.asso.fr\/accomplir\/wp-content\/uploads\/2017\/11\/bagagerie.jpg\"><img loading=\"lazy\" class=\"size-medium wp-image-4551 alignleft\" src=\"http:\/\/www.accomplir.asso.fr\/accomplir\/wp-content\/uploads\/2017\/11\/bagagerie-300x223.jpg\" alt=\"\" width=\"300\" height=\"223\" srcset=\"http:\/\/www.accomplir.asso.fr\/accomplir\/wp-content\/uploads\/2017\/11\/bagagerie-300x223.jpg 300w, http:\/\/www.accomplir.asso.fr\/accomplir\/wp-content\/uploads\/2017\/11\/bagagerie-768x572.jpg 768w, http:\/\/www.accomplir.asso.fr\/accomplir\/wp-content\/uploads\/2017\/11\/bagagerie-1024x762.jpg 1024w, http:\/\/www.accomplir.asso.fr\/accomplir\/wp-content\/uploads\/2017\/11\/bagagerie.jpg 1200w\" sizes=\"(max-width: 300px) 100vw, 300px\" \/><\/a><strong>A<\/strong> l\u2019occasion des dix ans de la bagagerie Mains Libres, la photographe Florence Levillain a pr\u00e9sent\u00e9 une exposition de portraits en grand format d\u2019usagers et de b\u00e9n\u00e9voles, visible <a href=\"http:\/\/www.signatures-photographies.com\/?idPageWeb=73&amp;afficherParNew=vignette&amp;asPageNew=1&amp;afficherVignetteDuSujet=24343&amp;rep=&amp;PHPSESSID=oc8ehfhq50icp337q2hnvdr5e5\"><span style=\"color: #0000ff;\">le site de son agence<\/span><\/a><i>. <\/i>Elle a \u00e9galement r\u00e9alis\u00e9 un magnifique <a href=\"https:\/\/vimeo.com\/238580130\"><span style=\"color: #0000ff;\">documentaire<i> <\/i><\/span><\/a>de 15 minutes dans lequel les SDF expliquent \u00e0 quoi leur sert cet \u00e9quipement. Il existe d\u00e9sormais 7 bagageries \u00e0 Paris, et 4 en projet. Mais la sp\u00e9cificit\u00e9 de Mains Libres, qui n\u2019est pas toujours reprise par les autres bagageries, c\u2019est de faire participer les SDF aussi bien \u00e0 la gestion quotidienne qu\u2019au conseil d\u2019administration. Chez Mains Libres, les deux tiers des permanences d\u2019accueil sont assur\u00e9s par les usagers eux-m\u00eames ! Or, la prise de responsabilit\u00e9 est un vecteur puissant pour reprendre confiance et se r\u00e9ins\u00e9rer. Longue vie \u00e0 cette belle initiative de notre quartier !<\/p>\n","protected":false},"excerpt":{"rendered":"<p>A l\u2019occasion des dix ans de la bagagerie Mains Libres, la photographe Florence Levillain a pr\u00e9sent\u00e9 une exposition de portraits en grand format d\u2019usagers et de b\u00e9n\u00e9voles, visible le site de son agence. Elle a \u00e9galement r\u00e9alis\u00e9 un magnifique documentaire de 15 minutes dans lequel les SDF expliquent \u00e0 quoi leur sert cet \u00e9quipement. Il &hellip; <a href=\"http:\/\/www.accomplir.asso.fr\/accomplir\/?p=4550\" class=\"more-link\">Continuer la lecture de <span class=\"screen-reader-text\">Une vid\u00e9o sur la bagagerie Mains Libres<\/span>  <span class=\"meta-nav\">&rarr;<\/span><\/a><\/p>\n","protected":false},"author":4,"featured_media":0,"comment_status":"open","ping_status":"open","sticky":false,"template":"","format":"standard","meta":[],"categories":[5],"tags":[],"_links":{"self":[{"href":"http:\/\/www.accomplir.asso.fr\/accomplir\/index.php?rest_route=\/wp\/v2\/posts\/4550"}],"collection":[{"href":"http:\/\/www.accomplir.asso.fr\/accomplir\/index.php?rest_route=\/wp\/v2\/posts"}],"about":[{"href":"http:\/\/www.accomplir.asso.fr\/accomplir\/index.php?rest_route=\/wp\/v2\/types\/post"}],"author":[{"embeddable":true,"href":"http:\/\/www.accomplir.asso.fr\/accomplir\/index.php?rest_route=\/wp\/v2\/users\/4"}],"replies":[{"embeddable":true,"href":"http:\/\/www.accomplir.asso.fr\/accomplir\/index.php?rest_route=%2Fwp%2Fv2%2Fcomments&post=4550"}],"version-history":[{"count":5,"href":"http:\/\/www.accomplir.asso.fr\/accomplir\/index.php?rest_route=\/wp\/v2\/posts\/4550\/revisions"}],"predecessor-version":[{"id":4559,"href":"http:\/\/www.accomplir.asso.fr\/accomplir\/index.php?rest_route=\/wp\/v2\/posts\/4550\/revisions\/4559"}],"wp:attachment":[{"href":"http:\/\/www.accomplir.asso.fr\/accomplir\/index.php?rest_route=%2Fwp%2Fv2%2Fmedia&parent=4550"}],"wp:term":[{"taxonomy":"category","embeddable":true,"href":"http:\/\/www.accomplir.asso.fr\/accomplir\/index.php?rest_route=%2Fwp%2Fv2%2Fcategories&post=4550"},{"taxonomy":"post_tag","embeddable":true,"href":"http:\/\/www.accomplir.asso.fr\/accomplir\/index.php?rest_route=%2Fwp%2Fv2%2Ftags&post=4550"}],"curies":[{"name":"wp","href":"https:\/\/api.w.org\/{rel}","templated":true}]}}