{"id":4531,"date":"2017-11-10T10:57:50","date_gmt":"2017-11-10T08:57:50","guid":{"rendered":"http:\/\/www.accomplir.asso.fr\/accomplir\/?p=4531"},"modified":"2021-01-06T10:36:56","modified_gmt":"2021-01-06T08:36:56","slug":"le-toit-brulant-de-la-canopee","status":"publish","type":"post","link":"http:\/\/www.accomplir.asso.fr\/accomplir\/?p=4531","title":{"rendered":"Le toit br\u00fblant de la Canop\u00e9e"},"content":{"rendered":"<p><b><a href=\"http:\/\/www.accomplir.asso.fr\/accomplir\/wp-content\/uploads\/2017\/11\/112-118.jpg\"><img loading=\"lazy\" class=\"size-medium wp-image-4532 alignleft\" src=\"http:\/\/www.accomplir.asso.fr\/accomplir\/wp-content\/uploads\/2017\/11\/112-118-300x300.jpg\" alt=\"\" width=\"300\" height=\"300\" srcset=\"http:\/\/www.accomplir.asso.fr\/accomplir\/wp-content\/uploads\/2017\/11\/112-118-300x300.jpg 300w, http:\/\/www.accomplir.asso.fr\/accomplir\/wp-content\/uploads\/2017\/11\/112-118-150x150.jpg 150w, http:\/\/www.accomplir.asso.fr\/accomplir\/wp-content\/uploads\/2017\/11\/112-118-768x768.jpg 768w, http:\/\/www.accomplir.asso.fr\/accomplir\/wp-content\/uploads\/2017\/11\/112-118-1024x1024.jpg 1024w, http:\/\/www.accomplir.asso.fr\/accomplir\/wp-content\/uploads\/2017\/11\/112-118.jpg 1936w\" sizes=\"(max-width: 300px) 100vw, 300px\" \/><\/a>L<\/b>es concepteurs de la Canop\u00e9e n\u2019ont pas fini de nous \u00e9tonner, avec leur toit plein de surprises. Apr\u00e8s le toit qui fuit (les travaux de colmatage des ventelles viennent de d\u00e9buter, pour un co\u00fbt, confirm\u00e9 au Comit\u00e9 de suivi du chantier, de 1,2 millions d\u2019euros\u2026), voici le toit qui \u00e9blouit et contribue au r\u00e9chauffement climatique. Une douzaine d\u2019habitants de l\u2019immeuble du 112-118 rue Rambuteau nous ont signal\u00e9, \u00e0 plusieurs reprises, que leurs logements \u00e9taient victimes de la r\u00e9verb\u00e9ration g\u00e9n\u00e9r\u00e9e par la canop\u00e9e. Outre le d\u00e9sagr\u00e9ment visuel, cette luminosit\u00e9 ascendante excessive a g\u00e9n\u00e9r\u00e9 des hausses de temp\u00e9rature atteignant jusqu\u2019\u00e0 45 degr\u00e9s dans les logements concern\u00e9s. Aux derni\u00e8res nouvelles, la solution a \u00e9t\u00e9 trouv\u00e9e. La RIVP, profitant du ravalement des b\u00e2timents, a install\u00e9 les stores occultants dans toutes les fen\u00eatres. Nous sommes ravis que les plaintes des habitants aient \u00e9t\u00e9 entendues !<\/p>\n<p>&nbsp;<\/p>\n","protected":false},"excerpt":{"rendered":"<p>Les concepteurs de la Canop\u00e9e n\u2019ont pas fini de nous \u00e9tonner, avec leur toit plein de surprises. Apr\u00e8s le toit qui fuit (les travaux de colmatage des ventelles viennent de d\u00e9buter, pour un co\u00fbt, confirm\u00e9 au Comit\u00e9 de suivi du chantier, de 1,2 millions d\u2019euros\u2026), voici le toit qui \u00e9blouit et contribue au r\u00e9chauffement climatique. &hellip; <a href=\"http:\/\/www.accomplir.asso.fr\/accomplir\/?p=4531\" class=\"more-link\">Continuer la lecture de <span class=\"screen-reader-text\">Le toit br\u00fblant de la Canop\u00e9e<\/span>  <span class=\"meta-nav\">&rarr;<\/span><\/a><\/p>\n","protected":false},"author":4,"featured_media":0,"comment_status":"open","ping_status":"open","sticky":false,"template":"","format":"standard","meta":[],"categories":[5],"tags":[],"_links":{"self":[{"href":"http:\/\/www.accomplir.asso.fr\/accomplir\/index.php?rest_route=\/wp\/v2\/posts\/4531"}],"collection":[{"href":"http:\/\/www.accomplir.asso.fr\/accomplir\/index.php?rest_route=\/wp\/v2\/posts"}],"about":[{"href":"http:\/\/www.accomplir.asso.fr\/accomplir\/index.php?rest_route=\/wp\/v2\/types\/post"}],"author":[{"embeddable":true,"href":"http:\/\/www.accomplir.asso.fr\/accomplir\/index.php?rest_route=\/wp\/v2\/users\/4"}],"replies":[{"embeddable":true,"href":"http:\/\/www.accomplir.asso.fr\/accomplir\/index.php?rest_route=%2Fwp%2Fv2%2Fcomments&post=4531"}],"version-history":[{"count":6,"href":"http:\/\/www.accomplir.asso.fr\/accomplir\/index.php?rest_route=\/wp\/v2\/posts\/4531\/revisions"}],"predecessor-version":[{"id":4538,"href":"http:\/\/www.accomplir.asso.fr\/accomplir\/index.php?rest_route=\/wp\/v2\/posts\/4531\/revisions\/4538"}],"wp:attachment":[{"href":"http:\/\/www.accomplir.asso.fr\/accomplir\/index.php?rest_route=%2Fwp%2Fv2%2Fmedia&parent=4531"}],"wp:term":[{"taxonomy":"category","embeddable":true,"href":"http:\/\/www.accomplir.asso.fr\/accomplir\/index.php?rest_route=%2Fwp%2Fv2%2Fcategories&post=4531"},{"taxonomy":"post_tag","embeddable":true,"href":"http:\/\/www.accomplir.asso.fr\/accomplir\/index.php?rest_route=%2Fwp%2Fv2%2Ftags&post=4531"}],"curies":[{"name":"wp","href":"https:\/\/api.w.org\/{rel}","templated":true}]}}