{"id":4450,"date":"2017-07-05T09:56:43","date_gmt":"2017-07-05T07:56:43","guid":{"rendered":"http:\/\/www.accomplir.asso.fr\/accomplir\/?p=4450"},"modified":"2017-09-18T10:06:21","modified_gmt":"2017-09-18T08:06:21","slug":"33eme-vide-greniers-des-halles","status":"publish","type":"post","link":"http:\/\/www.accomplir.asso.fr\/accomplir\/?p=4450","title":{"rendered":"33\u00e8me vide-greniers des Halles"},"content":{"rendered":"<h1 class=\"tribe-events-single-event-title\"><\/h1>\n<div id=\"post-3773\" class=\"post-3773 tribe_events type-tribe_events status-publish hentry tribe_events_cat-videgreniers cat_videgreniers\">\n<div class=\"tribe-events-single-event-description tribe-events-content\">\n<p><a href=\"http:\/\/www.accomplir.asso.fr\/accomplir\/wp-content\/uploads\/2017\/07\/Affiche-septembre-2017-1.jpg\"><img loading=\"lazy\" class=\" wp-image-4457 alignleft\" src=\"http:\/\/www.accomplir.asso.fr\/accomplir\/wp-content\/uploads\/2017\/07\/Affiche-septembre-2017-1-217x300.jpg\" alt=\"\" width=\"268\" height=\"350\" \/><\/a><br \/>\nLe 33\u00e8me vide-greniers des Halles organis\u00e9 par l'Association Accomplir aura lieu le <strong>samedi 30 septembre\u00a02017 de 9h00 \u00e0 18h30<\/strong>. Il se tiendra <a href=\"https:\/\/www.google.com\/maps\/search\/place+Ren%C3%A9+Cassin+Paris\/@48.8629368,2.344617,20z\" target=\"_blank\" rel=\"noopener noreferrer\">place Ren\u00e9 Cassin<\/a> et <a href=\"https:\/\/www.google.com\/maps\/search\/place+Ren%C3%A9+Cassin+Paris\/@48.8630682,2.3452077,20z\" target=\"_blank\" rel=\"noopener noreferrer\">rue Rambuteau<\/a>, le long de l'\u00e9glise Saint-Eustache.<br \/>\n<span class=\"txtred\">Pour exposer sur ce vide-greniers il faut imp\u00e9rativement remplir deux conditions :\u00a0\u00eatre un particulier et habiter un des quatre premiers arrondissements de Paris.<\/span><\/p>\n<p>Le prix du stand de 2m : 20\u20ac<br \/>\nLes inscriptions se feront <strong>le samedi 23 septembre 2017 de 10h \u00e0 12h<\/strong> <a href=\"https:\/\/www.google.com\/maps\/search\/place+Ren%C3%A9+Cassin+Paris\/@48.8629368,2.344617,20z\" target=\"_blank\" rel=\"noopener noreferrer\">place Ren\u00e9 Cassin<\/a> le long de l'\u00e9glise Saint-Eustache. <strong>Inutile de t\u00e9l\u00e9phoner ou de nous \u00e9crire.<\/strong> Merci de votre compr\u00e9hension.<\/p>\n<p>Les documents \u00e0 t\u00e9l\u00e9charger :<br \/>\n- <a href=\"http:\/\/www.accomplir.asso.fr\/accomplir\/wp-content\/uploads\/2017\/07\/BI-VG-Cassin-septembre-2017.pdf\" target=\"_blank\" rel=\"noopener noreferrer\">le bulletin d'inscription et le r\u00e8glement<\/a><br \/>\n- <a href=\"http:\/\/www.accomplir.asso.fr\/accomplir\/wp-content\/uploads\/2017\/09\/Plans-VG-Cassin-septembre-2017v1.pdf\" target=\"_blank\" rel=\"noopener noreferrer\">le plan<\/a><br \/>\n- <a href=\"http:\/\/www.accomplir.asso.fr\/accomplir\/wp-content\/uploads\/2017\/07\/Affiche-septembre-2017.pdf\" target=\"_blank\" rel=\"noopener noreferrer\">l'affiche<\/a><\/p>\n<\/div>\n<\/div>\n","protected":false},"excerpt":{"rendered":"<p>Le 33\u00e8me vide-greniers des Halles organis\u00e9 par l'Association Accomplir aura lieu le samedi 30 septembre\u00a02017 de 9h00 \u00e0 18h30. Il se tiendra place Ren\u00e9 Cassin et rue Rambuteau, le long de l'\u00e9glise Saint-Eustache. Pour exposer sur ce vide-greniers il faut imp\u00e9rativement remplir deux conditions :\u00a0\u00eatre un particulier et habiter un des quatre premiers arrondissements de &hellip; <a href=\"http:\/\/www.accomplir.asso.fr\/accomplir\/?p=4450\" class=\"more-link\">Continuer la lecture de <span class=\"screen-reader-text\">33\u00e8me vide-greniers des Halles<\/span>  <span class=\"meta-nav\">&rarr;<\/span><\/a><\/p>\n","protected":false},"author":4,"featured_media":0,"comment_status":"open","ping_status":"open","sticky":false,"template":"","format":"standard","meta":[],"categories":[5],"tags":[],"_links":{"self":[{"href":"http:\/\/www.accomplir.asso.fr\/accomplir\/index.php?rest_route=\/wp\/v2\/posts\/4450"}],"collection":[{"href":"http:\/\/www.accomplir.asso.fr\/accomplir\/index.php?rest_route=\/wp\/v2\/posts"}],"about":[{"href":"http:\/\/www.accomplir.asso.fr\/accomplir\/index.php?rest_route=\/wp\/v2\/types\/post"}],"author":[{"embeddable":true,"href":"http:\/\/www.accomplir.asso.fr\/accomplir\/index.php?rest_route=\/wp\/v2\/users\/4"}],"replies":[{"embeddable":true,"href":"http:\/\/www.accomplir.asso.fr\/accomplir\/index.php?rest_route=%2Fwp%2Fv2%2Fcomments&post=4450"}],"version-history":[{"count":9,"href":"http:\/\/www.accomplir.asso.fr\/accomplir\/index.php?rest_route=\/wp\/v2\/posts\/4450\/revisions"}],"predecessor-version":[{"id":4514,"href":"http:\/\/www.accomplir.asso.fr\/accomplir\/index.php?rest_route=\/wp\/v2\/posts\/4450\/revisions\/4514"}],"wp:attachment":[{"href":"http:\/\/www.accomplir.asso.fr\/accomplir\/index.php?rest_route=%2Fwp%2Fv2%2Fmedia&parent=4450"}],"wp:term":[{"taxonomy":"category","embeddable":true,"href":"http:\/\/www.accomplir.asso.fr\/accomplir\/index.php?rest_route=%2Fwp%2Fv2%2Fcategories&post=4450"},{"taxonomy":"post_tag","embeddable":true,"href":"http:\/\/www.accomplir.asso.fr\/accomplir\/index.php?rest_route=%2Fwp%2Fv2%2Ftags&post=4450"}],"curies":[{"name":"wp","href":"https:\/\/api.w.org\/{rel}","templated":true}]}}