{"id":4414,"date":"2017-05-15T08:09:54","date_gmt":"2017-05-15T06:09:54","guid":{"rendered":"http:\/\/www.accomplir.asso.fr\/accomplir\/?p=4414"},"modified":"2017-05-15T08:09:54","modified_gmt":"2017-05-15T06:09:54","slug":"les-escalators-du-forum","status":"publish","type":"post","link":"http:\/\/www.accomplir.asso.fr\/accomplir\/?p=4414","title":{"rendered":"Les escalators du Forum"},"content":{"rendered":"<p><b><a href=\"http:\/\/www.accomplir.asso.fr\/accomplir\/?attachment_id=4415\" rel=\"attachment wp-att-4415\"><img loading=\"lazy\" class=\"alignleft size-medium wp-image-4415\" src=\"http:\/\/www.accomplir.asso.fr\/accomplir\/wp-content\/uploads\/2017\/05\/Le-Forum-des-Halles-Shopping-Center-Set-For-Opening1-300x200.jpg\" alt=\"\" width=\"300\" height=\"200\" srcset=\"http:\/\/www.accomplir.asso.fr\/accomplir\/wp-content\/uploads\/2017\/05\/Le-Forum-des-Halles-Shopping-Center-Set-For-Opening1-300x200.jpg 300w, http:\/\/www.accomplir.asso.fr\/accomplir\/wp-content\/uploads\/2017\/05\/Le-Forum-des-Halles-Shopping-Center-Set-For-Opening1.jpg 640w\" sizes=\"(max-width: 300px) 100vw, 300px\" \/><\/a>B<\/b>eaucoup d\u2019entre vous nous signalent que ces escalators souvent ne fonctionnent pas et on ne sait jamais vers qui se tourner pour avoir des explications \u00e0 ce sujet. Voici quelques pr\u00e9cisions : les escalators situ\u00e9s dans le Forum c\u00f4t\u00e9 Canop\u00e9e sont g\u00e9r\u00e9s par Unibail, il faut donc s\u2019adresser \u00e0 la direction du centre commercial. Concernant ceux qui se trouvent c\u00f4t\u00e9 Place Car\u00e9e et Place de la Rotonde, ils sont g\u00e9r\u00e9s par la SEM Paris Seine. Ces escalators seront remplac\u00e9s progressivement :<br \/>\nles travaux vont debuter mi-2017 et s\u2019\u00e9taleront sur 2 ans, afin de ne pas perturber le fonctionnement du Forum. La SEM pr\u00e9cise que le syst\u00e8me de s\u00e9curit\u00e9 de nouveaux escalators est beaucoup plus sensible et provoque leur arr\u00eat plus souvent que dans le pass\u00e9, d\u2019o\u00f9 l\u2019impression qu\u2019ils sont souvent en panne.<\/p>\n","protected":false},"excerpt":{"rendered":"<p>Beaucoup d\u2019entre vous nous signalent que ces escalators souvent ne fonctionnent pas et on ne sait jamais vers qui se tourner pour avoir des explications \u00e0 ce sujet. Voici quelques pr\u00e9cisions : les escalators situ\u00e9s dans le Forum c\u00f4t\u00e9 Canop\u00e9e sont g\u00e9r\u00e9s par Unibail, il faut donc s\u2019adresser \u00e0 la direction du centre commercial. Concernant &hellip; <a href=\"http:\/\/www.accomplir.asso.fr\/accomplir\/?p=4414\" class=\"more-link\">Continuer la lecture de <span class=\"screen-reader-text\">Les escalators du Forum<\/span>  <span class=\"meta-nav\">&rarr;<\/span><\/a><\/p>\n","protected":false},"author":4,"featured_media":0,"comment_status":"open","ping_status":"open","sticky":false,"template":"","format":"standard","meta":[],"categories":[5],"tags":[],"_links":{"self":[{"href":"http:\/\/www.accomplir.asso.fr\/accomplir\/index.php?rest_route=\/wp\/v2\/posts\/4414"}],"collection":[{"href":"http:\/\/www.accomplir.asso.fr\/accomplir\/index.php?rest_route=\/wp\/v2\/posts"}],"about":[{"href":"http:\/\/www.accomplir.asso.fr\/accomplir\/index.php?rest_route=\/wp\/v2\/types\/post"}],"author":[{"embeddable":true,"href":"http:\/\/www.accomplir.asso.fr\/accomplir\/index.php?rest_route=\/wp\/v2\/users\/4"}],"replies":[{"embeddable":true,"href":"http:\/\/www.accomplir.asso.fr\/accomplir\/index.php?rest_route=%2Fwp%2Fv2%2Fcomments&post=4414"}],"version-history":[{"count":1,"href":"http:\/\/www.accomplir.asso.fr\/accomplir\/index.php?rest_route=\/wp\/v2\/posts\/4414\/revisions"}],"predecessor-version":[{"id":4416,"href":"http:\/\/www.accomplir.asso.fr\/accomplir\/index.php?rest_route=\/wp\/v2\/posts\/4414\/revisions\/4416"}],"wp:attachment":[{"href":"http:\/\/www.accomplir.asso.fr\/accomplir\/index.php?rest_route=%2Fwp%2Fv2%2Fmedia&parent=4414"}],"wp:term":[{"taxonomy":"category","embeddable":true,"href":"http:\/\/www.accomplir.asso.fr\/accomplir\/index.php?rest_route=%2Fwp%2Fv2%2Fcategories&post=4414"},{"taxonomy":"post_tag","embeddable":true,"href":"http:\/\/www.accomplir.asso.fr\/accomplir\/index.php?rest_route=%2Fwp%2Fv2%2Ftags&post=4414"}],"curies":[{"name":"wp","href":"https:\/\/api.w.org\/{rel}","templated":true}]}}