{"id":4325,"date":"2017-03-29T18:57:31","date_gmt":"2017-03-29T16:57:31","guid":{"rendered":"http:\/\/www.accomplir.asso.fr\/accomplir\/?p=4325"},"modified":"2017-03-29T18:58:00","modified_gmt":"2017-03-29T16:58:00","slug":"cloture-de-la-3eme-conference-du-reseau-europeen-vivre-la-ville","status":"publish","type":"post","link":"http:\/\/www.accomplir.asso.fr\/accomplir\/?p=4325","title":{"rendered":"Cl\u00f4ture de la 3\u00e8me Conf\u00e9rence du R\u00e9seau Europ\u00e9en \"Vivre la Ville!\""},"content":{"rendered":"<p><img loading=\"lazy\" class=\"wp-image-4326 alignleft\" src=\"http:\/\/www.accomplir.asso.fr\/accomplir\/wp-content\/uploads\/2017\/03\/madrid.png\" alt=\"\" width=\"272\" height=\"151\" srcset=\"http:\/\/www.accomplir.asso.fr\/accomplir\/wp-content\/uploads\/2017\/03\/madrid.png 556w, http:\/\/www.accomplir.asso.fr\/accomplir\/wp-content\/uploads\/2017\/03\/madrid-300x167.png 300w\" sizes=\"(max-width: 272px) 100vw, 272px\" \/>Dimanche matin\u00a0a pris fin la Troisi\u00e8me Conf\u00e9rence de Vivre la Ville Europe qui a r\u00e9uni \u00e0 Madrid les associations des r\u00e9sidents des centres historiques de plus de 80 villes espagnoles d\u2019Andalousie, d\u2018Asturie, des Bal\u00e9ares, de Castille-La Mancha, de Castille et Leon, de Valence, de Galice, de Madrid, du Pays Basque et la Rioja, et aussi d\u2019autres pays europ\u00e9ens comme la Belgique, la France, l\u2019Italie et le Portugal, sous l\u2019\u00e9gide de la Plateforme des Associations du Centre de Madrid qui en a \u00e9t\u00e9 l\u2019organisateur cette ann\u00e9e.<br \/>\nDivers intervenants ont pris la parole, de l\u2019Union Europ\u00e9enne, du groupe Ecologistes en action, des universit\u00e9s de Turin et du pays Basque ainsi que d\u2019autres leaders d\u2019opinion et des repr\u00e9sentants de la Ville de Madrid.<br \/>\nDe plus, des groupes de travail se sont mis en place pour analyser en profondeur les questions essentielles \u00e0 tous les r\u00e9sidents des centres urbains.<br \/>\n<strong>Le r\u00e9sultat de cette conf\u00e9rence a permis de confirmer les nombreux probl\u00e8mes communs aux centres historiques des villes et des pays participants<\/strong>, et de consid\u00e9rer les diverses solutions d\u00e9j\u00e0 apport\u00e9es en Europe \u00e0 ces probl\u00e8mes.<br \/>\nCette conf\u00e9rence a \u00e9galement permis de donner de la visibilit\u00e9 \u00e0 une r\u00e9alit\u00e9 qui porte pr\u00e9judice \u00e0 nos villes et qui est souvent occult\u00e9e par les strat\u00e8gies de communication face aux investisseurs potentiels.<br \/>\n<strong>L\u2019objectif de cette plateforme est de pousser les institutions locales, nationales et europ\u00e9ennes \u00e0 prot\u00e9ger les r\u00e9sidents des centres historiques, car il s\u2019agit d\u2019un patrimoine social et culturel de grande valeur, qui est cependant en passe de devenir un parc d\u2019attraction, de tourisme massif, de gentrification et de loisir nocturne, sous le pr\u00e9texte fallacieux et insoutenable d\u2019activit\u00e9 \u00e9conomique et cr\u00e9ation d\u2019emplois.Oubliant au passage que nous sommes tous des travailleurs et faisons tous partie du syst\u00e8me \u00e9conomique et de production.<\/strong><br \/>\nLe produit du travail de ces 2 journ\u00e9es sera, comme ce fut le cas lors des deux pr\u00e9c\u00e9dentes rencontres, d\u2019\u00e9laborer dans les prochaines semaines un document comportant les conclusions et les strat\u00e9gies qui serviront de guide \u00e0 un travail commun de d\u00e9fense des int\u00e9r\u00eats de la collectivit\u00e9.<br \/>\n-<br \/>\nChueca Neighborhood Association<br \/>\nAVChueca<\/p>\n","protected":false},"excerpt":{"rendered":"<p>Dimanche matin\u00a0a pris fin la Troisi\u00e8me Conf\u00e9rence de Vivre la Ville Europe qui a r\u00e9uni \u00e0 Madrid les associations des r\u00e9sidents des centres historiques de plus de 80 villes espagnoles d\u2019Andalousie, d\u2018Asturie, des Bal\u00e9ares, de Castille-La Mancha, de Castille et Leon, de Valence, de Galice, de Madrid, du Pays Basque et la Rioja, et aussi &hellip; <a href=\"http:\/\/www.accomplir.asso.fr\/accomplir\/?p=4325\" class=\"more-link\">Continuer la lecture de <span class=\"screen-reader-text\">Cl\u00f4ture de la 3\u00e8me Conf\u00e9rence du R\u00e9seau Europ\u00e9en \"Vivre la Ville!\"<\/span>  <span class=\"meta-nav\">&rarr;<\/span><\/a><\/p>\n","protected":false},"author":4,"featured_media":0,"comment_status":"open","ping_status":"open","sticky":false,"template":"","format":"standard","meta":[],"categories":[5],"tags":[],"_links":{"self":[{"href":"http:\/\/www.accomplir.asso.fr\/accomplir\/index.php?rest_route=\/wp\/v2\/posts\/4325"}],"collection":[{"href":"http:\/\/www.accomplir.asso.fr\/accomplir\/index.php?rest_route=\/wp\/v2\/posts"}],"about":[{"href":"http:\/\/www.accomplir.asso.fr\/accomplir\/index.php?rest_route=\/wp\/v2\/types\/post"}],"author":[{"embeddable":true,"href":"http:\/\/www.accomplir.asso.fr\/accomplir\/index.php?rest_route=\/wp\/v2\/users\/4"}],"replies":[{"embeddable":true,"href":"http:\/\/www.accomplir.asso.fr\/accomplir\/index.php?rest_route=%2Fwp%2Fv2%2Fcomments&post=4325"}],"version-history":[{"count":1,"href":"http:\/\/www.accomplir.asso.fr\/accomplir\/index.php?rest_route=\/wp\/v2\/posts\/4325\/revisions"}],"predecessor-version":[{"id":4327,"href":"http:\/\/www.accomplir.asso.fr\/accomplir\/index.php?rest_route=\/wp\/v2\/posts\/4325\/revisions\/4327"}],"wp:attachment":[{"href":"http:\/\/www.accomplir.asso.fr\/accomplir\/index.php?rest_route=%2Fwp%2Fv2%2Fmedia&parent=4325"}],"wp:term":[{"taxonomy":"category","embeddable":true,"href":"http:\/\/www.accomplir.asso.fr\/accomplir\/index.php?rest_route=%2Fwp%2Fv2%2Fcategories&post=4325"},{"taxonomy":"post_tag","embeddable":true,"href":"http:\/\/www.accomplir.asso.fr\/accomplir\/index.php?rest_route=%2Fwp%2Fv2%2Ftags&post=4325"}],"curies":[{"name":"wp","href":"https:\/\/api.w.org\/{rel}","templated":true}]}}