{"id":4314,"date":"2017-03-06T09:57:30","date_gmt":"2017-03-06T07:57:30","guid":{"rendered":"http:\/\/www.accomplir.asso.fr\/accomplir\/?p=4314"},"modified":"2017-03-06T09:58:02","modified_gmt":"2017-03-06T07:58:02","slug":"le-reseau-vivre-la-ville-setend-aux-pays-bas-les-deuxiemes-assises-europeennes-se-tiendront-a-madrid-les-25-et-26-mars","status":"publish","type":"post","link":"http:\/\/www.accomplir.asso.fr\/accomplir\/?p=4314","title":{"rendered":"Le r\u00e9seau \"Vivre la Ville !\" s'\u00e9tend aux Pays bas. Les deuxi\u00e8mes assises europ\u00e9ennes se tiendront \u00e0 Madrid les 25 et 26 mars"},"content":{"rendered":"<p><img loading=\"lazy\" class=\"wp-image-4315 alignleft\" src=\"http:\/\/www.accomplir.asso.fr\/accomplir\/wp-content\/uploads\/2017\/03\/6a00d8341d8a0f53ef01bb097ee299970d.png\" alt=\"\" width=\"214\" height=\"272\" srcset=\"http:\/\/www.accomplir.asso.fr\/accomplir\/wp-content\/uploads\/2017\/03\/6a00d8341d8a0f53ef01bb097ee299970d.png 549w, http:\/\/www.accomplir.asso.fr\/accomplir\/wp-content\/uploads\/2017\/03\/6a00d8341d8a0f53ef01bb097ee299970d-236x300.png 236w\" sizes=\"(max-width: 214px) 100vw, 214px\" \/>Les troisi\u00e8mes rencontres europ\u00e9ennes \u00a0du R\u00e9seau Vivre La Ville , qui sont publiques, \u00a0se tiendront cette ann\u00e9es \u00e0 Madrid les 25 et 26 mars prochain (les deux pr\u00e9c\u00e9dentes r\u00e9unions se sont tenues \u00e0 Paris)<\/p>\n<p>Le R\u00e9seau Vivre Paris qui compte environ 30 associations parisiennes dont Accomplir(18 arrondissements repr\u00e9sent\u00e9s) a d'abord \u00e9t\u00e9 rejoint par des associations de nombreuses villes fran\u00e7aises pour former le R\u00e9seau Vivre La Ville, , puis par des associations de plusieurs villes europ\u00e9ennes, la derni\u00e8re \u00e9tant une association d'Amsterdam (compos\u00e9e de 3 200 membres)<\/p>\n<p>Toutes ces associations ont pour but de lutter contre les nuisances subies par les habitants des villes, surtout les centres villes, et de d\u00e9fendre le droit de pouvoir circuler librement sur le trottoir et pouvoir dormir la nuit<\/p>\n<p>Les informations relatives \u00e0 cette r\u00e9union (en espagnol) sont en ligne sur le site de 'l'Association de Vecinos de Chueca (AVChueca)<\/p>\n<p>Nous pouvons toutefois vous adresser les grandes lignes du programme en Fran\u00e7ais<\/p>\n","protected":false},"excerpt":{"rendered":"<p>Les troisi\u00e8mes rencontres europ\u00e9ennes \u00a0du R\u00e9seau Vivre La Ville , qui sont publiques, \u00a0se tiendront cette ann\u00e9es \u00e0 Madrid les 25 et 26 mars prochain (les deux pr\u00e9c\u00e9dentes r\u00e9unions se sont tenues \u00e0 Paris) Le R\u00e9seau Vivre Paris qui compte environ 30 associations parisiennes dont Accomplir(18 arrondissements repr\u00e9sent\u00e9s) a d'abord \u00e9t\u00e9 rejoint par des associations &hellip; <a href=\"http:\/\/www.accomplir.asso.fr\/accomplir\/?p=4314\" class=\"more-link\">Continuer la lecture de <span class=\"screen-reader-text\">Le r\u00e9seau \"Vivre la Ville !\" s'\u00e9tend aux Pays bas. Les deuxi\u00e8mes assises europ\u00e9ennes se tiendront \u00e0 Madrid les 25 et 26 mars<\/span>  <span class=\"meta-nav\">&rarr;<\/span><\/a><\/p>\n","protected":false},"author":4,"featured_media":0,"comment_status":"open","ping_status":"open","sticky":false,"template":"","format":"standard","meta":[],"categories":[5],"tags":[],"_links":{"self":[{"href":"http:\/\/www.accomplir.asso.fr\/accomplir\/index.php?rest_route=\/wp\/v2\/posts\/4314"}],"collection":[{"href":"http:\/\/www.accomplir.asso.fr\/accomplir\/index.php?rest_route=\/wp\/v2\/posts"}],"about":[{"href":"http:\/\/www.accomplir.asso.fr\/accomplir\/index.php?rest_route=\/wp\/v2\/types\/post"}],"author":[{"embeddable":true,"href":"http:\/\/www.accomplir.asso.fr\/accomplir\/index.php?rest_route=\/wp\/v2\/users\/4"}],"replies":[{"embeddable":true,"href":"http:\/\/www.accomplir.asso.fr\/accomplir\/index.php?rest_route=%2Fwp%2Fv2%2Fcomments&post=4314"}],"version-history":[{"count":1,"href":"http:\/\/www.accomplir.asso.fr\/accomplir\/index.php?rest_route=\/wp\/v2\/posts\/4314\/revisions"}],"predecessor-version":[{"id":4316,"href":"http:\/\/www.accomplir.asso.fr\/accomplir\/index.php?rest_route=\/wp\/v2\/posts\/4314\/revisions\/4316"}],"wp:attachment":[{"href":"http:\/\/www.accomplir.asso.fr\/accomplir\/index.php?rest_route=%2Fwp%2Fv2%2Fmedia&parent=4314"}],"wp:term":[{"taxonomy":"category","embeddable":true,"href":"http:\/\/www.accomplir.asso.fr\/accomplir\/index.php?rest_route=%2Fwp%2Fv2%2Fcategories&post=4314"},{"taxonomy":"post_tag","embeddable":true,"href":"http:\/\/www.accomplir.asso.fr\/accomplir\/index.php?rest_route=%2Fwp%2Fv2%2Ftags&post=4314"}],"curies":[{"name":"wp","href":"https:\/\/api.w.org\/{rel}","templated":true}]}}