{"id":4262,"date":"2017-02-17T08:34:58","date_gmt":"2017-02-17T06:34:58","guid":{"rendered":"http:\/\/www.accomplir.asso.fr\/accomplir\/?p=4262"},"modified":"2017-02-22T10:49:27","modified_gmt":"2017-02-22T08:49:27","slug":"voirie-des-halles-une-refection-au-rabais","status":"publish","type":"post","link":"http:\/\/www.accomplir.asso.fr\/accomplir\/?p=4262","title":{"rendered":"Voirie des halles : une r\u00e9fection au rabais\u2026"},"content":{"rendered":"<p style=\"text-align: left;\"><a href=\"http:\/\/www.accomplir.asso.fr\/accomplir\/?attachment_id=4263\" rel=\"attachment wp-att-4263\"><img loading=\"lazy\" class=\"wp-image-4263 alignleft\" src=\"http:\/\/www.accomplir.asso.fr\/accomplir\/wp-content\/uploads\/2017\/02\/Turbigo-300x200.jpg\" alt=\"\" width=\"300\" height=\"200\" srcset=\"http:\/\/www.accomplir.asso.fr\/accomplir\/wp-content\/uploads\/2017\/02\/Turbigo-300x200.jpg 300w, http:\/\/www.accomplir.asso.fr\/accomplir\/wp-content\/uploads\/2017\/02\/Turbigo-768x512.jpg 768w, http:\/\/www.accomplir.asso.fr\/accomplir\/wp-content\/uploads\/2017\/02\/Turbigo-1024x682.jpg 1024w, http:\/\/www.accomplir.asso.fr\/accomplir\/wp-content\/uploads\/2017\/02\/Turbigo.jpg 1280w\" sizes=\"(max-width: 300px) 100vw, 300px\" \/><\/a>La ville de Paris a pr\u00e9sent\u00e9, \u00e0 l\u2019occasion d\u2019une r\u00e9union publique qui s\u2019est tenue le 2 f\u00e9vrier dernier, ses projets concernant la voirie autour des Halles.<br \/>\nFortement endommag\u00e9es par les travaux du chantier de la Canop\u00e9e et par une absence d\u2019entretien depuis plusieurs ann\u00e9es, toutes les rues du p\u00e9rim\u00e8tre inclus entre le boulevard de S\u00e9bastopol et la rue du Louvre, et entre la rue Etienne Marcel et la rue de Rivoli, ont un grand besoin de r\u00e9fection.<br \/>\nApr\u00e8s avoir d\u00e9pens\u00e9 un milliard pour la r\u00e9novation, nous avons appris avec d\u00e9ception que la Ville de Paris avait revu \u00e0 la baisse le budget qu\u2019elle compte consacrer \u00e0 refaire les sols compris dans le p\u00e9rim\u00e8tre du projet : il est pass\u00e9 de 28 millions d\u2019euros \u00e0 19 millions. Autre d\u00e9ception : ces travaux vont s\u2019\u00e9taler jusqu\u2019en 2019, soit encore 2 ans et demi de chantier dans notre quartier. Enfin, troisi\u00e8me d\u00e9ception\u00a0: compte tenu du budget r\u00e9duit, certaines rues ne seront pas refaites.<br \/>\n<u>Les plus<\/u> : La rue de Turbigo, qui est devenue un no-man\u2019s-land depuis le d\u00e9but des travaux, la jardini\u00e8re St Eustache, qui constitue un d\u00e9dale d\u2019escalier et le \u201cplateau\u201d saint Eustache qui voit passer quotidiennement 300.000 pi\u00e9tons seront refaits et des arbres seront plant\u00e9s. Il en sera de m\u00eame pour la rue Saint Denis et la plupart des rues alentour.<br \/>\n<u>Les interrogations<\/u> : Le choix des mat\u00e9riaux, m\u00e9lange d\u2019asphalte et de pierre et moins co\u00fbteux que les petits pav\u00e9s qui entourent la Canop\u00e9e, d\u00e9tonnera avec l\u2019unit\u00e9 qui aurait pu \u00eatre cr\u00e9\u00e9e.<br \/>\nLes sens de circulation de la rue des Halles et de la rue du Pont Neuf seront invers\u00e9s afin de r\u00e9duire la place de la voiture et de favoriser les cheminements pi\u00e9tons, notamment par la cr\u00e9ation d\u2019un plateau pi\u00e9tonnier de 8m de large rue des Halles. On peut n\u00e9anmoins craindre que cet espace reconquis soit tr\u00e8s rapidement envahi par les terrasses\u2026 et que l\u2019\u00e9viction des voitures ne se fasse que par un report sur d\u2019autres rues qui, elles, seront encombr\u00e9es.<br \/>\n<u>Les moins<\/u> : Le passage des Ling\u00e8res demeure le grand oubli\u00e9 de ces travaux. Rien n\u2019est pr\u00e9vu pour son am\u00e9nagement, alors que l\u2019on peut anticiper une forte fr\u00e9quentation du fait de la nouvelle sortie de m\u00e9tro place Marguerite de Navarre. Il en est de m\u00eame pour le bout de la rue du Cygne et le bout de la rue Berger, c\u00f4t\u00e9 S\u00e9bastopol, ainsi que la rue Saint Honor\u00e9. Ce sera \u00e9galement le cas pour la rue Etienne Marcel, le haut de la rue Turbigo au niveau du m\u00e9tro, o\u00f9 rien n\u2019est pr\u00e9vu.<br \/>\nOn notera d\u2019ailleurs que les futurs \u201cflux\u201d pi\u00e9tons en provenance et vers la Samaritaine, la fondation Pinault ou la poste du Louvre n\u2019ont pas \u00e9t\u00e9 anticip\u00e9s.<br \/>\nEnfin, aucun dispositif de contr\u00f4le d\u2019acc\u00e8s n\u2019est pr\u00e9vu. Comment croire que le statut \u201cpi\u00e9tonnier\u201d sera respect\u00e9 ?<br \/>\nAu total, nous regrettons le manque de moyens consacr\u00e9s \u00e0 ces travaux cens\u00e9s am\u00e9liorer notre cadre de vie, le manque d\u2019ambition concernant l\u2019am\u00e9nagement urbain et l\u2019absence d\u2019action volontariste pour faire respecter le caract\u00e8re pi\u00e9ton de l\u2019espace public, qu\u2019il s\u2019agisse de rues qui servent r\u00e9guli\u00e8rement au stationnement la nuit, ou de trottoirs envahis par les terrasses\u2026<br \/>\nLe diaporama de la r\u00e9union est disponible <a href=\"http:\/\/www.accomplir.asso.fr\/accomplir\/?page_id=489\">sur notre site<\/a>, et Accomplir suivra attentivement le d\u00e9roulement de ces travaux.<\/p>\n<p>&nbsp;<\/p>\n","protected":false},"excerpt":{"rendered":"<p>La ville de Paris a pr\u00e9sent\u00e9, \u00e0 l\u2019occasion d\u2019une r\u00e9union publique qui s\u2019est tenue le 2 f\u00e9vrier dernier, ses projets concernant la voirie autour des Halles. Fortement endommag\u00e9es par les travaux du chantier de la Canop\u00e9e et par une absence d\u2019entretien depuis plusieurs ann\u00e9es, toutes les rues du p\u00e9rim\u00e8tre inclus entre le boulevard de S\u00e9bastopol &hellip; <a href=\"http:\/\/www.accomplir.asso.fr\/accomplir\/?p=4262\" class=\"more-link\">Continuer la lecture de <span class=\"screen-reader-text\">Voirie des halles : une r\u00e9fection au rabais\u2026<\/span>  <span class=\"meta-nav\">&rarr;<\/span><\/a><\/p>\n","protected":false},"author":4,"featured_media":0,"comment_status":"open","ping_status":"open","sticky":false,"template":"","format":"standard","meta":[],"categories":[5],"tags":[],"_links":{"self":[{"href":"http:\/\/www.accomplir.asso.fr\/accomplir\/index.php?rest_route=\/wp\/v2\/posts\/4262"}],"collection":[{"href":"http:\/\/www.accomplir.asso.fr\/accomplir\/index.php?rest_route=\/wp\/v2\/posts"}],"about":[{"href":"http:\/\/www.accomplir.asso.fr\/accomplir\/index.php?rest_route=\/wp\/v2\/types\/post"}],"author":[{"embeddable":true,"href":"http:\/\/www.accomplir.asso.fr\/accomplir\/index.php?rest_route=\/wp\/v2\/users\/4"}],"replies":[{"embeddable":true,"href":"http:\/\/www.accomplir.asso.fr\/accomplir\/index.php?rest_route=%2Fwp%2Fv2%2Fcomments&post=4262"}],"version-history":[{"count":11,"href":"http:\/\/www.accomplir.asso.fr\/accomplir\/index.php?rest_route=\/wp\/v2\/posts\/4262\/revisions"}],"predecessor-version":[{"id":4302,"href":"http:\/\/www.accomplir.asso.fr\/accomplir\/index.php?rest_route=\/wp\/v2\/posts\/4262\/revisions\/4302"}],"wp:attachment":[{"href":"http:\/\/www.accomplir.asso.fr\/accomplir\/index.php?rest_route=%2Fwp%2Fv2%2Fmedia&parent=4262"}],"wp:term":[{"taxonomy":"category","embeddable":true,"href":"http:\/\/www.accomplir.asso.fr\/accomplir\/index.php?rest_route=%2Fwp%2Fv2%2Fcategories&post=4262"},{"taxonomy":"post_tag","embeddable":true,"href":"http:\/\/www.accomplir.asso.fr\/accomplir\/index.php?rest_route=%2Fwp%2Fv2%2Ftags&post=4262"}],"curies":[{"name":"wp","href":"https:\/\/api.w.org\/{rel}","templated":true}]}}