{"id":4041,"date":"2016-06-25T16:45:34","date_gmt":"2016-06-25T14:45:34","guid":{"rendered":"http:\/\/www.accomplir.asso.fr\/accomplir\/?p=4041"},"modified":"2016-07-24T09:42:16","modified_gmt":"2016-07-24T07:42:16","slug":"la-bibliotheque-canopee-la-fontaine","status":"publish","type":"post","link":"http:\/\/www.accomplir.asso.fr\/accomplir\/?p=4041","title":{"rendered":"La biblioth\u00e8que Canop\u00e9e la fontaine"},"content":{"rendered":"<p><a href=\"http:\/\/www.accomplir.asso.fr\/accomplir\/wp-content\/uploads\/2016\/06\/bibli_cote_jardin.jpg\"><img loading=\"lazy\" src=\"http:\/\/www.accomplir.asso.fr\/accomplir\/wp-content\/uploads\/2016\/06\/bibli_cote_jardin-300x200.jpg\" alt=\"bibli_cote_jardin\" width=\"300\" height=\"200\" class=\"alignleft\" \/><\/a>Romain Gaillard, directeur de la biblioth\u00e8que Canop\u00e9e la fontaine a organis\u00e9 une visite pour les membres d'Accomplir.<br \/>\nCette biblioth\u00e8que ne tire son nom ni de Jean de La Fontaine, ni de la fontaine des Innocents toute proche mais de <a href=\"http:\/\/www.accomplir.asso.fr\/accomplir\/wp-content\/uploads\/2016\/06\/img_44572.jpg\">la fontaine du jardin des Halles, avec une mosa\u00efque de France Mitrofanoff<\/a>, fontaine qui a \u00e9t\u00e9 d\u00e9molie&nbsp;!<br \/>\nLa biblioth\u00e8que est spacieuse avec une surface totale de 1200m\u00b2, dont 1050m\u00b2 pour le public. 20 personnes y travaillent, dont deux personnes sourdes, et tout le personnel est form\u00e9 \u00e0 la langue des signes fran\u00e7aise (LSF).<br \/>\nLes pr\u00eats et les retours se font \u00e0 l\u2019aide de bornes interactives et la biblioth\u00e8que a son propre r\u00e9seau wifi. Il est possible d'emprunter \u00e0 la biblioth\u00e8que centrale les  ouvrages qui ne sont pas sur place et qui sont disponibles sous 48h.<br \/>\n<a href=\"https:\/\/bibliotheque-numerique.paris.fr\/\" target=\"_blank\">Le pr\u00eat num\u00e9rique<\/a> est actif depuis l'automne dernier pour l'ensemble des biblioth\u00e8ques de la Ville de Paris.<!--more--><\/p>\n<table>\n<tr>\n<td>\n<a href=\"http:\/\/www.accomplir.asso.fr\/accomplir\/wp-content\/uploads\/2016\/06\/20160625_110635.jpeg\"><img loading=\"lazy\" src=\"http:\/\/www.accomplir.asso.fr\/accomplir\/wp-content\/uploads\/2016\/06\/20160625_110635-169x300.jpeg\" alt=\"20160625_110635\" width=\"169\" height=\"300\" class=\"aligncenter\" \/><\/a>\n<\/td>\n<td>\n<a href=\"http:\/\/www.accomplir.asso.fr\/accomplir\/wp-content\/uploads\/2016\/06\/20160625_112352.jpeg\"><img loading=\"lazy\" src=\"http:\/\/www.accomplir.asso.fr\/accomplir\/wp-content\/uploads\/2016\/06\/20160625_112352-169x300.jpeg\" alt=\"20160625_112352\" width=\"169\" height=\"300\" class=\"aligncenter\" \/><\/a>\n<\/td>\n<\/tr>\n<tr>\n<td>\n<a href=\"http:\/\/www.accomplir.asso.fr\/accomplir\/wp-content\/uploads\/2016\/06\/20160625_110624.jpeg\"><img loading=\"lazy\" src=\"http:\/\/www.accomplir.asso.fr\/accomplir\/wp-content\/uploads\/2016\/06\/20160625_110624-169x300.jpeg\" alt=\"20160625_110624\" width=\"169\" height=\"300\" class=\"aligncenter\" \/><\/a>\n<\/td>\n<td>\n<a href=\"http:\/\/www.accomplir.asso.fr\/accomplir\/wp-content\/uploads\/2016\/06\/20160625_110633.jpeg\"><img loading=\"lazy\" src=\"http:\/\/www.accomplir.asso.fr\/accomplir\/wp-content\/uploads\/2016\/06\/20160625_110633-169x300.jpeg\" alt=\"20160625_110633\" width=\"169\" height=\"300\" class=\"aligncenter\" \/><\/a>\n<\/td>\n<\/tr>\n<\/table>\n<p>Les horaires :<\/p>\n<ul>\n<li>ouverture de septembre \u00e0 juin : <\/li>\n<ul>\n<li>du mardi au vendredi : 12h-19h<\/li>\n<li>samedi : 10h-19h<\/li>\n<li>dimanche : 13h-18h<\/li>\n<\/ul>\n<li>horaires d'\u00e9t\u00e9 en juillet<\/li>\n<ul>\n<li>du mardi au samedi : 14h-19h<\/li>\n<li>les mercredis de juillet-ao\u00fbt de 16h \u00e0 18h30 : biblioth\u00e8que hors les murs dans le jardin des tout-petits<\/li>\n<li>fermeture en ao\u00fbt pour finaliser travaux d\u2019am\u00e9nagement<\/li>\n<\/ul>\n<\/ul>\n<p>Les diff\u00e9rents espaces:<\/p>\n<ul>\n<li>la coursive<\/li>\n<ul>\n<li>extension de la biblioth\u00e8que tables et chaises qui servent le midi pour des personnes qui y d\u00e9jeunent<\/li>\n<li>un baby-foot<\/li>\n<li>stand de bookcrossing qui permet un \u00e9change de livres sur le mod\u00e8le de circul'livres<\/li>\n<\/ul>\n<li>la pi\u00e8ce d\u2019accueil<\/li>\n<ul>\n<li>8 postes de consultation internet<\/li>\n<li>un bar \u00e0 mangas et un espace de lecture<\/li>\n<\/ul>\n<li>l'espace \u201c3C\" (convivialit\u00e9, conductivit\u00e9, cr\u00e9ativit\u00e9)<\/li>\n<ul>\n<li>espace pour les animations, conf\u00e9rences, projections<\/li>\n<li>espace d\u00e9di\u00e9 aux cultures urbaines<\/li>\n<li>distributeurs de boissons et de friandises<\/li>\n<li>borne \u201cdoob\u201d pour l\u2019\u00e9coute et le t\u00e9l\u00e9chargement de musique libres de droits (Creative Communs)<\/li>\n<\/ul>\n<li>l'espace \u201cC\u00f4t\u00e9 jardin\"<\/li>\n<ul>\n<li>espace calme<\/li>\n<li>140 journaux et magazines dont certains en langues \u00e9trang\u00e8res<\/li>\n<li>estrade avec poufs + nombreux si\u00e8ges<\/li>\n<\/ul>\n<li>l'espace \u201cImaginaire\u201d<\/li>\n<ul>\n<li>pour les enfants de 6-8 semaines \u00e0 11-12 ans<\/li>\n<li>animations r\u00e9guli\u00e8res (heure du conte\u2026)<\/li>\n<\/ul>\n<li>pr\u00eats de CD\/DVD<\/li>\n<ul>\n<li>contes, histoires et chansons pour enfants<\/li>\n<li>rap et hip hop<\/li>\n<li>films familiaux<\/li>\n<li>films sur les cultures urbaines ou la culture sourde<\/li>\n<\/ul>\n<\/ul>\n","protected":false},"excerpt":{"rendered":"<p>Romain Gaillard, directeur de la biblioth\u00e8que Canop\u00e9e la fontaine a organis\u00e9 une visite pour les membres d'Accomplir. Cette biblioth\u00e8que ne tire son nom ni de Jean de La Fontaine, ni de la fontaine des Innocents toute proche mais de la fontaine du jardin des Halles, avec une mosa\u00efque de France Mitrofanoff, fontaine qui a \u00e9t\u00e9 &hellip; <a href=\"http:\/\/www.accomplir.asso.fr\/accomplir\/?p=4041\" class=\"more-link\">Continuer la lecture de <span class=\"screen-reader-text\">La biblioth\u00e8que Canop\u00e9e la fontaine<\/span>  <span class=\"meta-nav\">&rarr;<\/span><\/a><\/p>\n","protected":false},"author":4,"featured_media":0,"comment_status":"open","ping_status":"open","sticky":false,"template":"","format":"standard","meta":[],"categories":[5],"tags":[],"_links":{"self":[{"href":"http:\/\/www.accomplir.asso.fr\/accomplir\/index.php?rest_route=\/wp\/v2\/posts\/4041"}],"collection":[{"href":"http:\/\/www.accomplir.asso.fr\/accomplir\/index.php?rest_route=\/wp\/v2\/posts"}],"about":[{"href":"http:\/\/www.accomplir.asso.fr\/accomplir\/index.php?rest_route=\/wp\/v2\/types\/post"}],"author":[{"embeddable":true,"href":"http:\/\/www.accomplir.asso.fr\/accomplir\/index.php?rest_route=\/wp\/v2\/users\/4"}],"replies":[{"embeddable":true,"href":"http:\/\/www.accomplir.asso.fr\/accomplir\/index.php?rest_route=%2Fwp%2Fv2%2Fcomments&post=4041"}],"version-history":[{"count":15,"href":"http:\/\/www.accomplir.asso.fr\/accomplir\/index.php?rest_route=\/wp\/v2\/posts\/4041\/revisions"}],"predecessor-version":[{"id":4091,"href":"http:\/\/www.accomplir.asso.fr\/accomplir\/index.php?rest_route=\/wp\/v2\/posts\/4041\/revisions\/4091"}],"wp:attachment":[{"href":"http:\/\/www.accomplir.asso.fr\/accomplir\/index.php?rest_route=%2Fwp%2Fv2%2Fmedia&parent=4041"}],"wp:term":[{"taxonomy":"category","embeddable":true,"href":"http:\/\/www.accomplir.asso.fr\/accomplir\/index.php?rest_route=%2Fwp%2Fv2%2Fcategories&post=4041"},{"taxonomy":"post_tag","embeddable":true,"href":"http:\/\/www.accomplir.asso.fr\/accomplir\/index.php?rest_route=%2Fwp%2Fv2%2Ftags&post=4041"}],"curies":[{"name":"wp","href":"https:\/\/api.w.org\/{rel}","templated":true}]}}