{"id":3847,"date":"2016-06-22T12:07:18","date_gmt":"2016-06-22T10:07:18","guid":{"rendered":"http:\/\/www.accomplir.asso.fr\/accomplir\/?p=3847"},"modified":"2016-06-22T12:25:44","modified_gmt":"2016-06-22T10:25:44","slug":"du-nouveau-pour-la-zone-pietonne-des-halles","status":"publish","type":"post","link":"http:\/\/www.accomplir.asso.fr\/accomplir\/?p=3847","title":{"rendered":"Du nouveau (?) pour la zone pi\u00e9tonne des Halles"},"content":{"rendered":"<p><a href=\"http:\/\/www.accomplir.asso.fr\/accomplir\/?attachment_id=3869\" rel=\"attachment wp-att-3869\"><img loading=\"lazy\" src=\"http:\/\/www.accomplir.asso.fr\/accomplir\/wp-content\/uploads\/2016\/05\/zone_pietonne_panneau-225x300.jpg\" title=\"zone pi\u00e9tonne?\" width=\"225\" height=\"300\" class=\"alignleft\" \/><\/a><em>Article mis \u00e0 jour le 22 juin.<\/em><br \/>\nUn <a href=\"http:\/\/www.accomplir.asso.fr\/accomplir\/wp-content\/uploads\/2016\/05\/arrete_zone_pietonne_halles.pdf\" target=\"_blank\">arr\u00eat\u00e9 important conjoint de la Maire de Paris et du Pr\u00e9fet de police<\/a> <em>portant cr\u00e9ation d\u2019une aire pi\u00e9tonne d\u00e9nomm\u00e9e Les Halles<\/em> entre en vigueur le 2 mai 2016. Un <a href=\"http:\/\/www.accomplir.asso.fr\/accomplir\/wp-content\/uploads\/2016\/05\/arrete__macarons_halles.pdf\" target=\"_blank\">autre arr\u00eat\u00e9 fixe la d\u00e9livrance des macarons<\/a> pour les habitants de la zone pi\u00e9tonne des Halles. ce second arr\u00eat\u00e9 pr\u00e9voit la cr\u00e9ation d'un macaron pour les r\u00e9sidents de la zone pi\u00e9tonne ayant un v\u00e9hicule. Ils auront tout comme les livreurs l'autorisation de stationner 30 minutes. Rien ne semble pr\u00e9vu pour les r\u00e9sidents \"vertueux\" qui n'ont pas de v\u00e9hicule mais qui en louent un occasionnellement ou qui utilisent Autolib.<br \/>\nOn peut s'\u00e9tonner de d\u00e9couvrir cette <strong>cr\u00e9ation<\/strong> d'une zone pi\u00e9tonne des Halles qui existe depuis plus de 30 ans.<br \/>\nLe nombre de v\u00e9hicules (voitures et deux roues motoris\u00e9s) sillonnant cette zone est cependant impressionnant. <a href=\"http:\/\/www.leparisien.fr\/paris-75\/l-aire-pietonne-des-halles-reactivee-des-lundi-a-paris-29-04-2016-5754933.php\" target=\"_blank\">Le Parisien du 29 avril<\/a> pose d'ailleurs cette question : \"<em>qui se souvenait encore que le quartier des Halles \u00e9tait normalement pi\u00e9ton ?<\/em>\".<br \/>\nQue retenir de l'arr\u00eat\u00e9 sur la zone pi\u00e9tonne?<!--more--><br \/>\n- le p\u00e9rim\u00e8tre est celui que nous connaissons d\u00e9j\u00e0.<br \/>\n- l'usage du disque horaire pour les livraisons sera obligatoire avec une limitation \u00e0 30 minutes.<br \/>\n- les horaires de livraison sont fix\u00e9s de 7h \u00e0 13h et de 15h \u00e0 16h.<br \/>\n- les v\u00e9hicules de livraison ne peuvent exc\u00e9der 20m\u00b2.<br \/>\nMis \u00e0 part l'usage du disque horaire rien de nouveau comme le montre <a href=\"http:\/\/www.accomplir.asso.fr\/accomplir\/wp-content\/uploads\/2016\/05\/zone_pietonne_panneau.jpg\" target=\"_blank\">ce panneau implant\u00e9 rue de la Reynie<\/a> depuis des lustres. En th\u00e9orie tout cela semble int\u00e9ressant mais la question principale a toujours \u00e9t\u00e9 et reste <strong>le contr\u00f4le<\/strong> de ces mesures. Tout au long des r\u00e9unions de concertation sur les Halles l'Association Accomplir a r\u00e9clam\u00e9 un contr\u00f4le aux entr\u00e9es de la zone pi\u00e9tonne sur le mod\u00e8le de Londres : lecture optique des plaques min\u00e9ralogiques des v\u00e9hicules et verbalisation si le v\u00e9hicule n'est pas autoris\u00e9 \u00e0 entrer dans la zone ou s'il y reste plus longtemps que permis. La Mairie de Paris a toujours refus\u00e9 ce type de contr\u00f4le et a, au contraire neutralis\u00e9 les barri\u00e8res de contr\u00f4le, tout comme elle a enlev\u00e9 les plots r\u00e9tractables de la zone Montorgueil.<br \/>\nEn 2003, dans sa <a href=\"http:\/\/www.accomplir.asso.fr\/actualite\/numerolettre\/Lettre_03.htm\">Lettre n\u00b03<\/a>, l'Association Accomplir \u00e9crivait dans un article intitul\u00e9 \"Circulation et stationnement dans le quartier pi\u00e9tonnier\" :<br \/>\n<em>Comment faire en sorte que le quartier pi\u00e9tonnier cesse d\u2019\u00eatre un vaste parking gratuit au c\u0153ur d\u2019une ville qui cherche \u00e0 faire diminuer la pression automobile ? Comment contr\u00f4ler la circulation des v\u00e9hicules motoris\u00e9s dans le quartier pi\u00e9tonnier ? Compte tenu du fait qu\u2019il y aura toujours une circulation automobile dans le quartier (livraisons, taxis, ambulances, riverains\u2026), peut-on donner un sens \u00e0 chaque rue et am\u00e9liorer la signalisation, notamment pour indiquer les sorties ? Peut-on r\u00e9tablir des trottoirs pour diminuer la surface laiss\u00e9e \u00e0 la circulation motoris\u00e9e et au stationnement, mettre les pi\u00e9tons \u00e0 l\u2019abri des v\u00e9hicules, prot\u00e9ger l\u2019accessibilit\u00e9 des entr\u00e9es d\u2019immeubles, r\u00e9tablir la \u00ab zone de riverainet\u00e9 \u00bb face \u00e0 l\u2019envahissement par les terrasses et les \u00e9talages ? Les \u00e9talages des magasins et les terrasses ouvertes et couvertes vont-ils \u00eatre ent\u00e9rin\u00e9s ou remis en cause conform\u00e9ment \u00e0 la l\u00e9gislation actuelle ?<\/em><br \/>\n13 ans plus tard les questions sont les m\u00eames.<br \/>\nLe 7 f\u00e9vrier 2008 l'Association Accomplir a organis\u00e9 une r\u00e9union pour ses membres et a invit\u00e9 Julien Delcroix, un  consultant  sp\u00e9cialis\u00e9  dans  la  question  du  stationnement. La solution qu'il pr\u00e9conisait : le contr\u00f4le  des  plaques  d\u2019immatriculation par cam\u00e9ra vid\u00e9o. (<a href=\"http:\/\/www.accomplir.asso.fr\/accomplir\/wp-content\/uploads\/2016\/05\/reu-adh-07-02-08.pdf\" target=\"_blank\">un extrait du compte-rendu<\/a>)<br \/>\n8 ans plus tard nous en sommes au m\u00eame point.<br \/>\nLe 18 janvier l'Association Accomplir a particip\u00e9 \u00e0 un comit\u00e9 de suivi extraordinaire \u00e0 l\u2019H\u00f4tel de Ville, pr\u00e9sid\u00e9 par Christophe Najdovski, adjoint charg\u00e9 des d\u00e9placements. Nous avons une nouvelle fois demand\u00e9 un contr\u00f4le des plaques min\u00e9ralogiques mais cette proposition \u00e0 une nouvelle fois \u00e9t\u00e9 rejet\u00e9e par la mairie de Paris (lire <a href=\"http:\/\/www.accomplir.asso.fr\/accomplir\/?p=3526\">notre article<\/a>).<br \/>\nUn article est paru le 13 mai dans le Parisien. Son titre est sans ambigu\u00eft\u00e9 et nous le partageons : <a href=\"http:\/\/www.accomplir.asso.fr\/accomplir\/wp-content\/uploads\/2016\/05\/2016-05-13_parisien_zone_pietonne_halles.pdf\" target=\"_blank\">la zone pi\u00e9tonne des Halles malmen\u00e9e par les automobilistes<\/a>. La Mairie du 1er n'h\u00e9site pas \u00e0 reprendre \u00e0 son compte la demande d'Accomplir : l'utilisation de cam\u00e9ras en entr\u00e9e de la zone pi\u00e9tonne. Nous ne pouvons que nous en f\u00e9liciter...<br \/>\n<strong>Une nouvelle r\u00e9union avec l'adjoint charg\u00e9 des d\u00e9placements \u00e9tait pr\u00e9vue au mois de juin. Elle a \u00e9t\u00e9 report\u00e9e en septembre, ce qui fait encore trois mois de perdus. Nous ne manquerons de r\u00e9it\u00e9rer notre demande de mise en place d'un contr\u00f4le d'acc\u00e8s dans la zone pi\u00e9tonne \u00e0 l'occasion de la prochaine r\u00e9union.<\/strong><\/p>\n<table width=\"100%\">\n<tr>\n<td>\n<a href=\"http:\/\/www.accomplir.asso.fr\/accomplir\/wp-content\/uploads\/2016\/05\/voiture_canopee.jpg\"><img loading=\"lazy\" src=\"http:\/\/www.accomplir.asso.fr\/accomplir\/wp-content\/uploads\/2016\/05\/voiture_canopee-300x225.jpg\" alt=\"voiture_canopee\" width=\"300\" height=\"225\" class=\"aligncenter size-medium wp-image-3863\" srcset=\"http:\/\/www.accomplir.asso.fr\/accomplir\/wp-content\/uploads\/2016\/05\/voiture_canopee-300x225.jpg 300w, http:\/\/www.accomplir.asso.fr\/accomplir\/wp-content\/uploads\/2016\/05\/voiture_canopee-768x576.jpg 768w, http:\/\/www.accomplir.asso.fr\/accomplir\/wp-content\/uploads\/2016\/05\/voiture_canopee.jpg 800w\" sizes=\"(max-width: 300px) 100vw, 300px\" \/><\/a><br \/>\nUne voiture sous la Canop\u00e9e (avant la pose des plots)\n<\/td>\n<td>\n<a href=\"http:\/\/www.accomplir.asso.fr\/accomplir\/wp-content\/uploads\/2016\/05\/plots_canopee.jpg\"><img loading=\"lazy\" src=\"http:\/\/www.accomplir.asso.fr\/accomplir\/wp-content\/uploads\/2016\/05\/plots_canopee-300x225.jpg\" alt=\"plots_canopee\" width=\"300\" height=\"225\" class=\"aligncenter size-medium wp-image-3861\" srcset=\"http:\/\/www.accomplir.asso.fr\/accomplir\/wp-content\/uploads\/2016\/05\/plots_canopee-300x225.jpg 300w, http:\/\/www.accomplir.asso.fr\/accomplir\/wp-content\/uploads\/2016\/05\/plots_canopee.jpg 640w\" sizes=\"(max-width: 300px) 100vw, 300px\" \/><\/a><br \/>\nLes plots emp\u00eachant l'acc\u00e8s des voitures\n<\/td>\n<\/tr>\n<td>\n<a href=\"http:\/\/www.accomplir.asso.fr\/accomplir\/wp-content\/uploads\/2016\/05\/voiture_canopee2.jpg\"><img loading=\"lazy\" src=\"http:\/\/www.accomplir.asso.fr\/accomplir\/wp-content\/uploads\/2016\/05\/voiture_canopee2-300x225.jpg\" alt=\"voiture_canopee2\" width=\"300\" height=\"225\" class=\"aligncenter size-medium wp-image-3864\" srcset=\"http:\/\/www.accomplir.asso.fr\/accomplir\/wp-content\/uploads\/2016\/05\/voiture_canopee2-300x225.jpg 300w, http:\/\/www.accomplir.asso.fr\/accomplir\/wp-content\/uploads\/2016\/05\/voiture_canopee2.jpg 640w\" sizes=\"(max-width: 300px) 100vw, 300px\" \/><\/a><br \/>\nUne voiture gar\u00e9e juste \u00e0 l'entr\u00e9e de la Canop\u00e9e...\n<\/td>\n<td>\n<a href=\"http:\/\/www.accomplir.asso.fr\/accomplir\/wp-content\/uploads\/2016\/05\/voiture_canopee_commissariat.jpg\"><img loading=\"lazy\" src=\"http:\/\/www.accomplir.asso.fr\/accomplir\/wp-content\/uploads\/2016\/05\/voiture_canopee_commissariat-300x225.jpg\" alt=\"voiture_canopee_commissariat\" width=\"300\" height=\"225\" class=\"aligncenter size-medium wp-image-3862\" srcset=\"http:\/\/www.accomplir.asso.fr\/accomplir\/wp-content\/uploads\/2016\/05\/voiture_canopee_commissariat-300x225.jpg 300w, http:\/\/www.accomplir.asso.fr\/accomplir\/wp-content\/uploads\/2016\/05\/voiture_canopee_commissariat.jpg 640w\" sizes=\"(max-width: 300px) 100vw, 300px\" \/><\/a><br \/>\n... devant le commissariat.\n<\/td>\n<\/tr>\n<\/table>\n","protected":false},"excerpt":{"rendered":"<p>Article mis \u00e0 jour le 22 juin. Un arr\u00eat\u00e9 important conjoint de la Maire de Paris et du Pr\u00e9fet de police portant cr\u00e9ation d\u2019une aire pi\u00e9tonne d\u00e9nomm\u00e9e Les Halles entre en vigueur le 2 mai 2016. Un autre arr\u00eat\u00e9 fixe la d\u00e9livrance des macarons pour les habitants de la zone pi\u00e9tonne des Halles. ce second &hellip; <a href=\"http:\/\/www.accomplir.asso.fr\/accomplir\/?p=3847\" class=\"more-link\">Continuer la lecture de <span class=\"screen-reader-text\">Du nouveau (?) pour la zone pi\u00e9tonne des Halles<\/span>  <span class=\"meta-nav\">&rarr;<\/span><\/a><\/p>\n","protected":false},"author":4,"featured_media":0,"comment_status":"open","ping_status":"open","sticky":false,"template":"","format":"standard","meta":[],"categories":[5],"tags":[],"_links":{"self":[{"href":"http:\/\/www.accomplir.asso.fr\/accomplir\/index.php?rest_route=\/wp\/v2\/posts\/3847"}],"collection":[{"href":"http:\/\/www.accomplir.asso.fr\/accomplir\/index.php?rest_route=\/wp\/v2\/posts"}],"about":[{"href":"http:\/\/www.accomplir.asso.fr\/accomplir\/index.php?rest_route=\/wp\/v2\/types\/post"}],"author":[{"embeddable":true,"href":"http:\/\/www.accomplir.asso.fr\/accomplir\/index.php?rest_route=\/wp\/v2\/users\/4"}],"replies":[{"embeddable":true,"href":"http:\/\/www.accomplir.asso.fr\/accomplir\/index.php?rest_route=%2Fwp%2Fv2%2Fcomments&post=3847"}],"version-history":[{"count":24,"href":"http:\/\/www.accomplir.asso.fr\/accomplir\/index.php?rest_route=\/wp\/v2\/posts\/3847\/revisions"}],"predecessor-version":[{"id":4038,"href":"http:\/\/www.accomplir.asso.fr\/accomplir\/index.php?rest_route=\/wp\/v2\/posts\/3847\/revisions\/4038"}],"wp:attachment":[{"href":"http:\/\/www.accomplir.asso.fr\/accomplir\/index.php?rest_route=%2Fwp%2Fv2%2Fmedia&parent=3847"}],"wp:term":[{"taxonomy":"category","embeddable":true,"href":"http:\/\/www.accomplir.asso.fr\/accomplir\/index.php?rest_route=%2Fwp%2Fv2%2Fcategories&post=3847"},{"taxonomy":"post_tag","embeddable":true,"href":"http:\/\/www.accomplir.asso.fr\/accomplir\/index.php?rest_route=%2Fwp%2Fv2%2Ftags&post=3847"}],"curies":[{"name":"wp","href":"https:\/\/api.w.org\/{rel}","templated":true}]}}