{"id":3798,"date":"2016-05-09T11:37:04","date_gmt":"2016-05-09T09:37:04","guid":{"rendered":"http:\/\/www.accomplir.asso.fr\/accomplir\/?p=3798"},"modified":"2016-07-24T09:44:12","modified_gmt":"2016-07-24T07:44:12","slug":"visite-de-la-canopee-avec-georges-pencreach-architecte-du-premier-forum-des-halles","status":"publish","type":"post","link":"http:\/\/www.accomplir.asso.fr\/accomplir\/?p=3798","title":{"rendered":"Visite de la Canop\u00e9e avec Georges Pencreac\u2019h, architecte du premier Forum des Halles"},"content":{"rendered":"<p><a href=\"http:\/\/www.accomplir.asso.fr\/accomplir\/wp-content\/uploads\/2016\/05\/20160504_185323.jpeg\"><img loading=\"lazy\" src=\"http:\/\/www.accomplir.asso.fr\/accomplir\/wp-content\/uploads\/2016\/05\/20160504_185323-300x225.jpeg\" title=\"Georges Pencreac'h et des membres d'Accomplir\" width=\"300\" height=\"225\" class=\"alignleft\" \/><\/a>Le 6 octobre 2010 l'Association Accomplir a organis\u00e9 une conf\u00e9rence publique donn\u00e9e par Georges Pencreac\u2019h, co-signataire avec Claude Vasconi (disparu en d\u00e9cembre 2009) de l'architecture du premier Forum des Halles et en particulier de la \"Place des Verri\u00e8res\". Le compte-rendu de l'analyse de Georges Pencreac'h se trouve sur le site <a href=\"http:\/\/www.architecturhalles.com\/pencreach.htm\" target=\"_blank\">ArchitecturHalles<\/a>.<br \/>\nLe 4 mai 2016, l'Association Accomplir a organis\u00e9, pour ses membres, une visite de la Canop\u00e9e avec Georges Pencreac\u2019h. Ses impressions suite \u00e0 cette visite...<!--more--><\/p>\n<p><strong>PROMENADE AU CIMETIERE DES INNOCENTS<\/strong><\/p>\n<p>Le 4 mai 2016 \u00e0 18 heures et pour la premi\u00e8re fois depuis au moins cinq ans j\u2019ai franchi la fronti\u00e8re du boulevard de S\u00e9bastopol entre le 4e et le 1er arrondissement pour m\u2019approcher de la Fontaine des Innocents et du lieu o\u00f9 quelques militants de l\u2019association \u00ab Accomplir \u00bb autour d\u2019Elisabeth Bourguinat m\u2019avaient donn\u00e9 rendez-vous pour une visite de l\u2019\u00e9tat des lieux des \u00ab Halles \u00bb.<br \/>\nJe connaissais parfaitement bien le projet, tant du jardin que du Forum, pour avoir analys\u00e9 en d\u00e9tail le dossier au stade du permis de construire et pr\u00e9sent\u00e9 cette analyse en conf\u00e9rence publique \u00e0 la mairie du 1er arrondissement le 6 octobre 2010.<br \/>\nJe m\u2019\u00e9tais depuis lors refus\u00e9 \u00e0 assister aux actes barbares qui allaient, au nom et pour l\u2019unique b\u00e9n\u00e9fice du profit commercial, conduire \u00e0 l\u2019assassinat de l\u2019ensemble architectural du Forum cosign\u00e9 par Claude Vasconi et moi-m\u00eame et \u00e0 la rage destructrice qui allait s\u2019abattre sur l\u2019ensemble du site.<br \/>\nEn ce 4 mai le temps est estival, le ciel d\u2019azur et le site des Halles tr\u00e8s anim\u00e9\u2026<br \/>\nLa promenade va se d\u00e9rouler en 14 stations, mais ce n\u2019est pas un chemin de croix, l\u2019insignifiance g\u00e9n\u00e9rale ne m\u00e9rite pas cet exc\u00e8s d\u2019honneur.<\/p>\n<p>1\u00e8re STATION<br \/>\nNous sommes devant la Fontaine des Innocents. On se souvient qu\u2019autrefois la pr\u00e9sence du jardin \u00e9tait ici nettement perceptible et que la silhouette de Saint-Eustache s\u2019\u00e9levait dans toute son ampleur en fond de perspective. Aujourd\u2019hui, plus de jardin, plus d\u2019\u00e9glise, mais un march\u00e9 couvert, bizarrement rev\u00eatu de fanfreluches kitchissimes que l\u2019on croirait dessin\u00e9es pour un autocrate d\u2019une r\u00e9publique caucasienne et en dessous l\u2019enseigne d\u2019une boutique \u00ab NIKE \u00bb, celle qui a pu payer le plus cher sans doute.<br \/>\nLamentable premi\u00e8re vision des nouvelles Halles que la grande majorit\u00e9 des visiteurs, ceux qui arrivent par la rue Berger  depuis \u00ab Pompidou \u00bb re\u00e7oivent en guise d\u2019accueil. <\/p>\n<p>2e STATION<br \/>\nNous nous sommes engag\u00e9s rue Lescot et sommes arr\u00eat\u00e9s devant cette porte monumentale qui magnifie selon une myst\u00e9rieuse logique le petit cul-de-sac de la Cossonnerie..<br \/>\nAu moins peut-on s\u2019attendre de ce point \u00e0 d\u00e9couvrir l\u2019espace des Halles et les \u00e9l\u00e9ments forts du site : que nenni, Saint-Eustache reste invisible et la Bourse du Commerce a perdu son d\u00f4me coup\u00e9 par l\u2019\u00e9croulement central de la \u00ab Canop\u00e9e \u00bb.<br \/>\nObservons donc cet espace majeur. Mis\u00e8re : de part et d\u2019autre deux longs bras s\u2019\u00e9cartent ; il sont constitu\u00e9s de deux \u00e9tages d\u2019\u00e9quipements publics dont les fa\u00e7ades habill\u00e9es de murs rideaux raides comme une cl\u00f4ture de caserne, sont pos\u00e9es sur un soubassement de vitrines o\u00f9 l\u2019on distingue les enseignes lambda de tous les centres commerciaux du monde\u2026 Il semble nous souvenir que l\u2019on reprochait autrefois une trop grande confidentialit\u00e9 aux acc\u00e8s des \u00e9quipements publics des b\u00e2timents \u00ab Willerval \u00bb A pr\u00e9sent ces acc\u00e8s ne sont plus confidentiels mais carr\u00e9ment invisibles, voil\u00e0 qui est clair.<br \/>\nBien entendu on ne peut s\u2019emp\u00eacher de lever les yeux vers le plafond : superbe entrelacs de ferraille dont on imagine qu\u2019il a fallu beaucoup de travail aux ing\u00e9nieurs pour arriver \u00e0 entasser le poids de la tour Eiffel sur cette surface somme toute assez r\u00e9duite. Cela donne une ombre de belle densit\u00e9 dans l\u2019espace et je ne peux m\u2019emp\u00eacher de penser \u00e0 l\u2019initiateur de cette toiture, le tr\u00e8s subtil David Mangin pour qui la \u00ab <em>couverture allait remplacer utilement les VERRIERES OPAQUES du Forum <\/em>\u00bb<br \/>\nMais arr\u00eatons les frais et cessons de tirer sur une ambulance.<\/p>\n<p>3e STATION<br \/>\nNous nous sommes avanc\u00e9s sous la \u00ab Canop\u00e9e \u00bb et arrivons en rive du \u00ab trou \u00bb central. Nous commen\u00e7ons \u00e0 apercevoir Saint-Eustache tr\u00e8s partiellement : le toit et le chevet, \u00e9l\u00e9ments essentiels, restent invisibles. L\u2019espace sous la \u00ab Canop\u00e9e \u00bb a d\u00e9lib\u00e9r\u00e9ment ignor\u00e9 tous les \u00e9l\u00e9ments du contexte pour se concentrer sur cette axialit\u00e9 totalement th\u00e9orique et absurde puisqu\u2019elle part de rien et ne m\u00e8ne nulle part. On suit la rive sud du trou et on se retourne pour voir le plafond dans l\u2019autre sens.<br \/>\nEt l\u00e0, miracle, la constitution des \u00ab ventelles \u00bb appara\u00eet et \u00e0 travers elles se d\u00e9tachant sous le magma jaunasse de la couverture de longues lames courbes de ciel bleu : c\u2019est beau comme trois coups de cutter sur la toile d\u2019un \u00ab concetto spaciale \u00bb de Lucio Fontana.<br \/>\nComme on ne peut pas tout avoir, c\u2019est \u00e9videmment par l\u00e0 que passe la pluie et certains esprits contestataires voudraient qu\u2019un toit qui offre de telles \u00e9motions soit en plus \u00e9tanche\u2026<\/p>\n<p>4e STATION<br \/>\nEn haut des escaliers vers le trou central, regard sur les terrasses et le fond au niveau -3.<br \/>\nPremi\u00e8re impression : c\u2019est gai comme la cour de promenade d\u2019un quartier de haute s\u00e9curit\u00e9 \u00e0 Fleury-M\u00e9rogis. Le sol comme celui du niveau 00 est constitu\u00e9 d\u2019un mat\u00e9riau ind\u00e9finissable, sans doute assez sophistiqu\u00e9 mais qui ressemble \u00e0 s\u2019y m\u00e9prendre \u00e0 du b\u00e9ton brut. A partir de l\u00e0 tout est gris p\u00e2le, les rives de plancher, le m\u00e9tal des murs rideaux, les supports des garde-corps, et sur ce morne-terne d\u00e9gouline depuis la toiture le jaunasse terne-morne qui recouvre les monstrueuses poutres-\u00e9chelles courbes sous dalle du niveau -1 et d\u2019autres fers structurels.<br \/>\nTristesse.<\/p>\n<p>5e STATION<br \/>\nNous sommes entr\u00e9s dans le centre commercial au niveau -1 et nous tenons sur la galerie sud.<br \/>\nLes rives de plancher de l\u2019ancien Forum, inchang\u00e9es, sont bien visibles et on distingue au niveau -3 un d\u00e9tail arch\u00e9ologique, les deux \u00ab butons \u00bb inclin\u00e9s \u00e0 45\u00b0, trace du dessin de la premi\u00e8re verri\u00e8re du forum. On se souvient ais\u00e9ment de la qualit\u00e9 de cet espace sous les verri\u00e8res et les grands arcs courbes et on se demande \u00e0 quoi servent ces bouts de planchers vides, ces poutres rajout\u00e9es, ces blessures inutiles. Depuis la galerie sud -1 les perspectives mensong\u00e8res du projet dessinaient Saint-Eustache, non seulement on ne voit pas ce monument mais on ne voit rien du tout : la poutre \u00e9chelle place cette circulation derri\u00e8re un barreaudage infernal et la r\u00e9duit \u00e0 une galerie anonyme.<\/p>\n<p>6e STATION<br \/>\nNous avons parcouru la descente Berger vers le niveau -3 et d\u00e9couvrons la nouvelle image du Forum. Les sols en porphyre ont disparu pour laisser place \u00e0 un marbre gris clair passe-partout, des plafonds en staff blanc, garde-corps vitr\u00e9s \u00ab mode \u00bb autour des tr\u00e9mies, absence de toute structuration architecturale des rues, nous sommes en face de galeries de \u00ab shopping center \u00bb totalement impersonnelles qui sont reproduites \u00e0 l\u2019infini sur la surface du globe et offrent une image indigne du c\u0153ur de Paris.<\/p>\n<p>7e STATION<br \/>\nDu niveau -3 sortie vers la place basse. J\u2019esp\u00e8re que les escaliers de liaison entre l\u2019int\u00e9rieur et l\u2019ext\u00e9rieur ne sont que provisoires et qu\u2019ils seront achev\u00e9s plus dignement.<br \/>\nRetour sur le d\u00e9tail du mur rideau : c\u2019est cheap, c\u2019est minable ; quand on pense qu\u2019on a tu\u00e9 les grandes verri\u00e8res, sur le d\u00e9tail desquelles nous nous \u00e9tions avec Jean Prouv\u00e9, passionn\u00e9ment pench\u00e9s, pour mettre \u00e0 la place cet ind\u00e9cent profil plat d\u2019inox fix\u00e9 par vis apparentes\u2026<\/p>\n<p>8e STATION<br \/>\nOn a pris le grand escalator pour rejoindre le jardin. Au passage on admire les fausses marches en caillebottis qui sont cens\u00e9es recevoir la cascade crach\u00e9e par le serpent central de la couverture en cas d\u2019intemp\u00e9ries : Il faudra revenir pour voir cela (avec un bon cir\u00e9 sur le dos).<\/p>\n<p>9e STATION<br \/>\nNous sommes en rive de la Canop\u00e9e et nous dirigeons vers Saint-Eustache . Depuis la rue Rambuteau cette rive spectaculaire qui enchaine une contre-courbe entre deux courbes para\u00eet \u00e9trangement bancale : serait-il possible qu\u2019un \u00e9l\u00e9ment aussi fondamental que la fa\u00e7ade de la \u00ab Canop\u00e9e \u00bb sur le jardin n\u2019ait pas \u00e9t\u00e9 pleinement r\u00e9ussi ?<\/p>\n<p>10e STATION<br \/>\nLa place Ren\u00e9 Cassin : c\u2019est assez r\u00e9voltant mais il faut le dire et le r\u00e9p\u00e9ter, car tout le monde avait pr\u00e9venu, il ne fallait pas casser l\u2019am\u00e9nagement de cette place et il ne fallait pas laisser David Mangin r\u00e9aliser cette ersatz mal fichu. Quel est le ma\u00eetre d\u2019ouvrage public irresponsable qui a laiss\u00e9 faire cela ?<\/p>\n<p>11e STATION<br \/>\nLa destruction de la place Ren\u00e9 Cassin est incompr\u00e9hensible, tout comme sont incompr\u00e9hensibles les travaux gigantesques engag\u00e9s sur le malheureux Jardin des Halles qui m\u00e9ritait certes r\u00e9novation mais pas intervention de type \u00ab Etat Islamique \u00bb \u00e0 Palmyre.<br \/>\nBelle id\u00e9e peut-\u00eatre que de simplifier le jardin sous forme d\u2019un grand \u00ab green \u00bb du c\u00f4t\u00e9 de Saint-Eustache, mais que devient une belle id\u00e9e lorsqu\u2019il faut bien faire sortir les ventilations des sous-sols, les sorties de secours, maintenir les \u00e9clairages z\u00e9nithaux, faire passer les pompiers, etc..<br \/>\nLe grand \u00ab green \u00bb devient un tapis \u00e9maill\u00e9 de grilles, de garde-corps et d\u2019\u00e9dicules divers et ce n\u2019est pas fini\u2026<\/p>\n<p>12e STATION<br \/>\nRetour vers le Forum par la rue Berger. Les installations de chantier (tr\u00e8s belles boites minimalistes au demeurant) interdisent d\u2019avoir une vision compl\u00e8te de la ligne sinueuse de la toiture de la \u00ab Canop\u00e9e \u00bb en fa\u00e7ade sur jardin. N\u00e9anmoins il est clair que c\u00f4t\u00e9 Rambuteau la rencontre entre la courbe lat\u00e9rale et la contre courbe centrale donne lieu \u00e0 une cassure qui en brise la continuit\u00e9 et que c\u00f4t\u00e9 Berger la liaison n\u2019est gu\u00e8re plus ma\u00eetris\u00e9e. La crainte ressentie \u00e0 la 9e Station se confirme et l\u2019enchainement des courbes en rive de la Canop\u00e9e sur le jardin est totalement rat\u00e9e.<\/p>\n<p>13e STATION<br \/>\nRue Berger, le long du march\u00e9 couvert, retour vers la Fontaine des Innocents. Longue fa\u00e7ade de centre commercial avec tout \u00e0 coup une petite bosse dans la toiture, une excroissance qui signale l\u2019entr\u00e9e dans les sous sols. Mais rien qui signale l\u2019espace central et pour cause : il est inaccessible depuis la rue.<\/p>\n<p>14e STATION<br \/>\nVoil\u00e0, c\u2019est la fin du parcours. Il y avait aux Halles un ensemble souterrain dont l\u2019essentiel des circulations b\u00e9n\u00e9ficiait de la lumi\u00e8re naturelle et s\u2019ouvrait sur des espaces publics ext\u00e9rieurs. Certains s\u2019en souviennent, d\u2019autres s\u2019ing\u00e9nient \u00e0 l\u2019oublier voire \u00e0 le nier : ainsi Michel Guerrin, chroniqueur au Monde, d\u00e9crivant l\u2019ancien Forum le 16 avril 2016 comme un \u00ab labyrinthe sinistre \u00bb constitu\u00e9 de \u00ab boyaux noirs \u00bb et continuant ainsi la litanie des rumeurs mensong\u00e8res seule en mesure de limiter la faillite morale de la nouvelle op\u00e9ration.<br \/>\nInnocentes victimes d\u2019un nouveau chapitre de cette histoire maudite, les belles verri\u00e8res aux arcs immacul\u00e9s sont parties rejoindre les autres innocents dans le cimeti\u00e8re de notre m\u00e9moire.<br \/>\nEn attente du prochain chapitre de l\u2019histoire des Halles\u2026<\/p>\n<p>Georges Pencreac\u2019h - 5 mai 2016<\/p>\n<p><a href=\"http:\/\/www.accomplir.asso.fr\/accomplir\/wp-content\/uploads\/2016\/05\/pencreach_promenade.pdf\">La version pdf de l'analyse de Georges Pencreac\u2019h<\/a><\/p>\n","protected":false},"excerpt":{"rendered":"<p>Le 6 octobre 2010 l'Association Accomplir a organis\u00e9 une conf\u00e9rence publique donn\u00e9e par Georges Pencreac\u2019h, co-signataire avec Claude Vasconi (disparu en d\u00e9cembre 2009) de l'architecture du premier Forum des Halles et en particulier de la \"Place des Verri\u00e8res\". Le compte-rendu de l'analyse de Georges Pencreac'h se trouve sur le site ArchitecturHalles. Le 4 mai 2016, &hellip; <a href=\"http:\/\/www.accomplir.asso.fr\/accomplir\/?p=3798\" class=\"more-link\">Continuer la lecture de <span class=\"screen-reader-text\">Visite de la Canop\u00e9e avec Georges Pencreac\u2019h, architecte du premier Forum des Halles<\/span>  <span class=\"meta-nav\">&rarr;<\/span><\/a><\/p>\n","protected":false},"author":4,"featured_media":0,"comment_status":"open","ping_status":"open","sticky":false,"template":"","format":"standard","meta":[],"categories":[5],"tags":[],"_links":{"self":[{"href":"http:\/\/www.accomplir.asso.fr\/accomplir\/index.php?rest_route=\/wp\/v2\/posts\/3798"}],"collection":[{"href":"http:\/\/www.accomplir.asso.fr\/accomplir\/index.php?rest_route=\/wp\/v2\/posts"}],"about":[{"href":"http:\/\/www.accomplir.asso.fr\/accomplir\/index.php?rest_route=\/wp\/v2\/types\/post"}],"author":[{"embeddable":true,"href":"http:\/\/www.accomplir.asso.fr\/accomplir\/index.php?rest_route=\/wp\/v2\/users\/4"}],"replies":[{"embeddable":true,"href":"http:\/\/www.accomplir.asso.fr\/accomplir\/index.php?rest_route=%2Fwp%2Fv2%2Fcomments&post=3798"}],"version-history":[{"count":8,"href":"http:\/\/www.accomplir.asso.fr\/accomplir\/index.php?rest_route=\/wp\/v2\/posts\/3798\/revisions"}],"predecessor-version":[{"id":4093,"href":"http:\/\/www.accomplir.asso.fr\/accomplir\/index.php?rest_route=\/wp\/v2\/posts\/3798\/revisions\/4093"}],"wp:attachment":[{"href":"http:\/\/www.accomplir.asso.fr\/accomplir\/index.php?rest_route=%2Fwp%2Fv2%2Fmedia&parent=3798"}],"wp:term":[{"taxonomy":"category","embeddable":true,"href":"http:\/\/www.accomplir.asso.fr\/accomplir\/index.php?rest_route=%2Fwp%2Fv2%2Fcategories&post=3798"},{"taxonomy":"post_tag","embeddable":true,"href":"http:\/\/www.accomplir.asso.fr\/accomplir\/index.php?rest_route=%2Fwp%2Fv2%2Ftags&post=3798"}],"curies":[{"name":"wp","href":"https:\/\/api.w.org\/{rel}","templated":true}]}}