{"id":3790,"date":"2016-05-09T10:43:52","date_gmt":"2016-05-09T08:43:52","guid":{"rendered":"http:\/\/www.accomplir.asso.fr\/accomplir\/?p=3790"},"modified":"2016-05-09T10:43:52","modified_gmt":"2016-05-09T08:43:52","slug":"les-parents-deleves-de-saint-germain-lauxerrois-se-mobilisent-pour-lagrandissement-de-lecole","status":"publish","type":"post","link":"http:\/\/www.accomplir.asso.fr\/accomplir\/?p=3790","title":{"rendered":"Les parents d'\u00e9l\u00e8ves de Saint-Germain l'Auxerrois se mobilisent pour l'agrandissement de l'\u00e9cole"},"content":{"rendered":"<p><a href=\"http:\/\/www.accomplir.asso.fr\/accomplir\/wp-content\/uploads\/2016\/05\/cccfdd88ede7854.336.400x400.jpg\"><img loading=\"lazy\" src=\"http:\/\/www.accomplir.asso.fr\/accomplir\/wp-content\/uploads\/2016\/05\/cccfdd88ede7854.336.400x400-300x300.jpg\" title=\"\u00e9cole Saint-Germain l'Auxerrois\" width=\"300\" height=\"300\" class=\"alignleft\" \/><\/a>Depuis 10 ans, le projet d\u2019agrandissement de l'\u00e9cole Saint-Germain l'Auxerrois est \u00e0 l\u2019ordre du jour.  Le projet a \u00e9t\u00e9 soutenu \u00e0 tous les niveaux : la directrice Mme P\u00e9court, les enseignants, l\u2019inspecteur de l\u2019\u00e9ducation nationale, la mairie du 1er arrondissement, la repr\u00e9sentante de la Mairie de Paris au conseil d\u2019\u00e9cole, les d\u00e9l\u00e9gu\u00e9s de parents.<br \/>\nIl vient d\u2019\u00eatre mis \u00e0 l\u2019arr\u00eat par le cabinet de Mme Alexandra CORDEBARD, Adjointe \u00e0 la Maire de Paris charg\u00e9e des Affaires scolaires, au moment m\u00eame o\u00f9 des locaux attenants \u00e0 l\u2019\u00e9cole, dont la mairie est propri\u00e9taire, sont libres et permettraient ais\u00e9ment de r\u00e9aliser cet agrandissement. Cela sans aucun motif.<br \/>\nLes parents d'\u00e9l\u00e8ves se mobilisent sur ce projet pour am\u00e9liorer les conditions d\u2019accueil et d\u2019apprentissage de leurs enfants \u00e0 l\u2019\u00e9cole publique et pour anticiper l\u2019avenir et notamment l\u2019arriv\u00e9e de nouvelles familles avec le projet de la Samaritaine.<\/p>\n<p>Aussi ils ont lanc\u00e9 <a href=\"http:\/\/chn.ge\/1S9cVfU\" target=\"_blank\">une p\u00e9tition en ligne<\/a> afin de sensibiliser les pouvoirs publics \u00e0 ce projet. En deux clics, vous avez la possibilit\u00e9 de contribuer positivement et activement \u00e0 ce projet.<\/p>\n<p>Pourquoi ce projet d'agrandissement ?<!--more--><br \/>\n- <strong>absence de biblioth\u00e8que<\/strong> pourtant n\u00e9cessaire pour l\u2019apprentissage de la lecture : le lieu qui en fait office mesure  moins de 8 m\u00b2 sans fen\u00eatre, permettant au maximum l\u2019acc\u00e8s \u00e0 8 \u00e9l\u00e8ves et sert de lieu d\u2019\u00e9vacuation en cas d'incendie.<br \/>\n- <strong>la salle de motricit\u00e9 sert aussi de lieu de stockage pour le mat\u00e9riel de bureau<\/strong> pour la REV (Responsable Educatif Ville) ou la DPA (Directrice Point d\u2019Accueil). Il est tellement r\u00e9duit que 5 groupes de ARE sur 6 se passent dans les classes. Les activit\u00e9s de motricit\u00e9 et les activit\u00e9s mises en place sur les temps p\u00e9riscolaires ne peuvent \u00eatre r\u00e9alis\u00e9es dans de bonnes conditions. Les activit\u00e9s de groupe et le travail du ma\u00eetre dans sa classe sont rendus impossibles.<br \/>\n- <strong>la salle des maitres est minuscule<\/strong> et ne leur permet pas de travailler correctement et de d\u00e9jeuner ensemble. Elle sert \u00e9galement de salle de travail pour les ARE, de salle de r\u00e9ception des parents pour la psychologue scolaire, de cabinet m\u00e9dical.<br \/>\n- <strong>les conditions de sieste sont inacceptables<\/strong>. Le dortoir pr\u00e9sente des probl\u00e8mes importants d\u2019a\u00e9ration et est trop exigu pour accueillir l\u2019ensemble des \u00e9l\u00e8ves des petite section, certains enfants \u00e9tant contraints de dormir sous une verri\u00e8re en plein luminosit\u00e9 du jour.<\/p>\n<table>\n<tr>\n<td><a href=\"http:\/\/www.accomplir.asso.fr\/accomplir\/wp-content\/uploads\/2016\/05\/20160215_162503.jpeg\"><img loading=\"lazy\" src=\"http:\/\/www.accomplir.asso.fr\/accomplir\/wp-content\/uploads\/2016\/05\/20160215_162503-300x169.jpeg\" alt=\"20160215_162503\" width=\"300\" height=\"169\" class=\"aligncenter\" \/><\/a><\/td>\n<td><a href=\"http:\/\/www.accomplir.asso.fr\/accomplir\/wp-content\/uploads\/2016\/05\/20160216_083658.jpeg\"><img loading=\"lazy\" src=\"http:\/\/www.accomplir.asso.fr\/accomplir\/wp-content\/uploads\/2016\/05\/20160216_083658-300x169.jpeg\" alt=\"20160216_083658\" width=\"300\" height=\"169\" class=\"aligncenter\" \/><\/a><\/td>\n<\/tr>\n<\/table>\n","protected":false},"excerpt":{"rendered":"<p>Depuis 10 ans, le projet d\u2019agrandissement de l'\u00e9cole Saint-Germain l'Auxerrois est \u00e0 l\u2019ordre du jour. Le projet a \u00e9t\u00e9 soutenu \u00e0 tous les niveaux : la directrice Mme P\u00e9court, les enseignants, l\u2019inspecteur de l\u2019\u00e9ducation nationale, la mairie du 1er arrondissement, la repr\u00e9sentante de la Mairie de Paris au conseil d\u2019\u00e9cole, les d\u00e9l\u00e9gu\u00e9s de parents. Il &hellip; <a href=\"http:\/\/www.accomplir.asso.fr\/accomplir\/?p=3790\" class=\"more-link\">Continuer la lecture de <span class=\"screen-reader-text\">Les parents d'\u00e9l\u00e8ves de Saint-Germain l'Auxerrois se mobilisent pour l'agrandissement de l'\u00e9cole<\/span>  <span class=\"meta-nav\">&rarr;<\/span><\/a><\/p>\n","protected":false},"author":4,"featured_media":0,"comment_status":"open","ping_status":"open","sticky":false,"template":"","format":"standard","meta":[],"categories":[5],"tags":[],"_links":{"self":[{"href":"http:\/\/www.accomplir.asso.fr\/accomplir\/index.php?rest_route=\/wp\/v2\/posts\/3790"}],"collection":[{"href":"http:\/\/www.accomplir.asso.fr\/accomplir\/index.php?rest_route=\/wp\/v2\/posts"}],"about":[{"href":"http:\/\/www.accomplir.asso.fr\/accomplir\/index.php?rest_route=\/wp\/v2\/types\/post"}],"author":[{"embeddable":true,"href":"http:\/\/www.accomplir.asso.fr\/accomplir\/index.php?rest_route=\/wp\/v2\/users\/4"}],"replies":[{"embeddable":true,"href":"http:\/\/www.accomplir.asso.fr\/accomplir\/index.php?rest_route=%2Fwp%2Fv2%2Fcomments&post=3790"}],"version-history":[{"count":4,"href":"http:\/\/www.accomplir.asso.fr\/accomplir\/index.php?rest_route=\/wp\/v2\/posts\/3790\/revisions"}],"predecessor-version":[{"id":3797,"href":"http:\/\/www.accomplir.asso.fr\/accomplir\/index.php?rest_route=\/wp\/v2\/posts\/3790\/revisions\/3797"}],"wp:attachment":[{"href":"http:\/\/www.accomplir.asso.fr\/accomplir\/index.php?rest_route=%2Fwp%2Fv2%2Fmedia&parent=3790"}],"wp:term":[{"taxonomy":"category","embeddable":true,"href":"http:\/\/www.accomplir.asso.fr\/accomplir\/index.php?rest_route=%2Fwp%2Fv2%2Fcategories&post=3790"},{"taxonomy":"post_tag","embeddable":true,"href":"http:\/\/www.accomplir.asso.fr\/accomplir\/index.php?rest_route=%2Fwp%2Fv2%2Ftags&post=3790"}],"curies":[{"name":"wp","href":"https:\/\/api.w.org\/{rel}","templated":true}]}}