{"id":3760,"date":"2016-04-17T19:33:58","date_gmt":"2016-04-17T17:33:58","guid":{"rendered":"http:\/\/www.accomplir.asso.fr\/accomplir\/?p=3760"},"modified":"2016-05-12T15:47:57","modified_gmt":"2016-05-12T13:47:57","slug":"nos-elus-ont-la-memoire-courte","status":"publish","type":"post","link":"http:\/\/www.accomplir.asso.fr\/accomplir\/?p=3760","title":{"rendered":"Nos \u00e9lus ont la m\u00e9moire courte"},"content":{"rendered":"<p><a href=\"http:\/\/www.accomplir.asso.fr\/accomplir\/wp-content\/uploads\/2016\/04\/tiberi_legaret_hidalgo.png\"><img loading=\"lazy\" src=\"http:\/\/www.accomplir.asso.fr\/accomplir\/wp-content\/uploads\/2016\/04\/tiberi_legaret_hidalgo-300x100.png\" title=\"Tib\u00e9ri-Legaret-Hidalgo\" width=\"450\" height=\"150\" class=\"alignleft\" \/><\/a>Le rapprochement de quelques articles de presse parus depuis quinze ans donne un \u00e9clairage assez \u00e9loquent sur l\u2019attitude de la classe politique parisienne face \u00e0 la probl\u00e9matique des Halles. \"<a href=\"http:\/\/www.leparisien.fr\/economie\/le-forum-des-halles-sur-la-voie-de-la-privatisation-25-06-2000-2001462258.php\" target=\"_blank\">Le Forum des Halles sur la voie de la privatisation<\/a>\" rend compte du projet de la municipalit\u00e9 d'alors, conduite par <strong>Jean Tib\u00e9ri<\/strong>, de vendre le Forum des Halles \u00e0 Unibail. Rappelons que le Forum des Halles appartenait \u00e0 la Ville de Paris et qu'Unibail avait un bail qui s'achevait en 2055. A cette \u00e9poque, l'opposition socialiste d\u00e9nonce ce projet et affirme que ce lieu est un \"<em>espace structurant le centre de Paris<\/em>\". Elle conteste l'accord qu\u2019a donn\u00e9 le pr\u00e9fet pour d\u00e9classer du domaine public les rues souterraines du Forum des Halles. L'adjoint aux finances du maire de Paris de l'\u00e9poque, <strong>Jean-Fran\u00e7ois Legaret<\/strong>, d\u00e9clare alors qu\u2019\"<em>il n'est pas dans la vocation de la Ville de g\u00e9rer un patrimoine de cette nature. Nous voulons sortir de ce montage assez compliqu\u00e9 qui date un peu. De plus, c'est un actif dont nous n'avions pas grand usage.<\/em>\"<br \/>\nDix ans plus tard, le 29 octobre 2010, <strong>Anne Hidalgo<\/strong>, devenue premi\u00e8re adjointe au maire de Paris charg\u00e9e de l'urbanisme, d\u00e9clare \u00e0 son tour dans une interview au Journal du Dimanche  que \"<em>la politique municipale depuis 2001 a consist\u00e9 \u00e0 c\u00e9der les actifs qui ne pr\u00e9sentent pas d'utilit\u00e9 particuli\u00e8re pour la Ville. C'est le cas du Forum des Halles, qui restera toujours un centre commercial. La mairie n'a pas vocation \u00e0 \u00eatre propri\u00e9taire de tout le foncier de la commune. Elle poss\u00e8de les voiries, les \u00e9quipements publics, les logements sociaux. Quel est l'int\u00e9r\u00eat pour les Parisiens d'\u00eatre propri\u00e9taire d'un centre commercial?<\/em>\" Quasiment les m\u00eames propos que <strong>Jean-Fran\u00e7ois Legaret<\/strong> quelques ann\u00e9es plus t\u00f4t ! Ce qui \u00e9tait anath\u00e8me en 2000 est devenu dogme en 2010.<br \/>\nQuant \u00e0 <strong>Jean-Fran\u00e7ois Legaret<\/strong>, maintenant dans l'opposition municipale, il est d\u00e9sormais contre la vente des Halles \u00e0 Unibail. Dans le Journal du Dimanche du 5 novembre 2010, il juge cette transaction \"<em>douteuse<\/em>\" et estime qu'elle \"<em>ne peut qu'accr\u00e9diter les suspicions de g\u00e9n\u00e9rosit\u00e9 indue \u00e0 l'\u00e9gard des int\u00e9r\u00eats commerciaux pr\u00e9sents<\/em>\".<br \/>\nCela n\u2019emp\u00eachera pas <strong>Bertrand Delano\u00eb<\/strong> et <strong>Anne Hidalgo<\/strong> de proc\u00e9der \u00e0 la vente du Forum des Halles en 2011, \u00e0 un prix n\u00e9cessairement brad\u00e9 car chacun sait qu\u2019on ne peut pas vendre tr\u00e8s cher des locaux qui sont lou\u00e9s pour encore quarante ans. Certes, la mairie de Paris a respect\u00e9 l\u2019indication de prix fournie par les Domaines, mais aucune comparaison n\u2019a \u00e9t\u00e9 faite avec le prix que la Ville de Paris aurait pu tirer de cette vente si celle-ci avait eu lieu en 2055, \u00e0 la fin du bail, \u00e0 un moment o\u00f9 il \u00e9tait possible de faire jouer la concurrence.<br \/>\nNon seulement la Mairie de Paris a vendu les locaux commerciaux du Forum des Halles mais, oblig\u00e9e de c\u00e9der \u00e0 toutes les exigences d\u2019Unibail, qui mena\u00e7ait de ne pas donner son accord pour le permis de construire de la Canop\u00e9e, elle a envisag\u00e9 de lui c\u00e9der \u00e9galement les voies publiques du centre commercial, comme le montrent <a href=\"http:\/\/www.accomplir.asso.fr\/dossiers\/20111213\/04%20plan%20voies%20Forum%20privatisees.pdf\" target=\"_blank\">ces documents que s'est procur\u00e9s Accomplir<\/a>. Une fois cette vente effectu\u00e9e, l\u00e0 encore \u00e0 prix d\u2019ami, la Ville aurait d\u00fb payer chaque ann\u00e9e un \u00ab droit de passage \u00bb pour que les Parisiens puissent continuer \u00e0 emprunter ces rues pour se rendre \u00e0 la gare du RER ou \u00e0 la piscine ! Notre association a attaqu\u00e9 ce projet de vente des rues souterraines et d\u00e9pos\u00e9 <a href=\"http:\/\/www.accomplir.asso.fr\/dossiers\/20120212\/17%20defi%20Unibail_web.pdf\" target=\"_blank\">un recours au Tribunal Administratif<\/a>, faisant ainsi capoter cette op\u00e9ration et, par voie de cons\u00e9quence, faisant \u00e9conomiser de coquettes sommes aux contribuables parisiens.<br \/>\nHeureusement qu'internet est l\u00e0 pour nous rafra\u00eechir la m\u00e9moire et que les associations, telles Accomplir, veillent \u00e0 l'int\u00e9r\u00eat g\u00e9n\u00e9ral.<\/p>\n","protected":false},"excerpt":{"rendered":"<p>Le rapprochement de quelques articles de presse parus depuis quinze ans donne un \u00e9clairage assez \u00e9loquent sur l\u2019attitude de la classe politique parisienne face \u00e0 la probl\u00e9matique des Halles. \"Le Forum des Halles sur la voie de la privatisation\" rend compte du projet de la municipalit\u00e9 d'alors, conduite par Jean Tib\u00e9ri, de vendre le Forum &hellip; <a href=\"http:\/\/www.accomplir.asso.fr\/accomplir\/?p=3760\" class=\"more-link\">Continuer la lecture de <span class=\"screen-reader-text\">Nos \u00e9lus ont la m\u00e9moire courte<\/span>  <span class=\"meta-nav\">&rarr;<\/span><\/a><\/p>\n","protected":false},"author":4,"featured_media":0,"comment_status":"open","ping_status":"open","sticky":false,"template":"","format":"standard","meta":[],"categories":[5],"tags":[],"_links":{"self":[{"href":"http:\/\/www.accomplir.asso.fr\/accomplir\/index.php?rest_route=\/wp\/v2\/posts\/3760"}],"collection":[{"href":"http:\/\/www.accomplir.asso.fr\/accomplir\/index.php?rest_route=\/wp\/v2\/posts"}],"about":[{"href":"http:\/\/www.accomplir.asso.fr\/accomplir\/index.php?rest_route=\/wp\/v2\/types\/post"}],"author":[{"embeddable":true,"href":"http:\/\/www.accomplir.asso.fr\/accomplir\/index.php?rest_route=\/wp\/v2\/users\/4"}],"replies":[{"embeddable":true,"href":"http:\/\/www.accomplir.asso.fr\/accomplir\/index.php?rest_route=%2Fwp%2Fv2%2Fcomments&post=3760"}],"version-history":[{"count":11,"href":"http:\/\/www.accomplir.asso.fr\/accomplir\/index.php?rest_route=\/wp\/v2\/posts\/3760\/revisions"}],"predecessor-version":[{"id":3831,"href":"http:\/\/www.accomplir.asso.fr\/accomplir\/index.php?rest_route=\/wp\/v2\/posts\/3760\/revisions\/3831"}],"wp:attachment":[{"href":"http:\/\/www.accomplir.asso.fr\/accomplir\/index.php?rest_route=%2Fwp%2Fv2%2Fmedia&parent=3760"}],"wp:term":[{"taxonomy":"category","embeddable":true,"href":"http:\/\/www.accomplir.asso.fr\/accomplir\/index.php?rest_route=%2Fwp%2Fv2%2Fcategories&post=3760"},{"taxonomy":"post_tag","embeddable":true,"href":"http:\/\/www.accomplir.asso.fr\/accomplir\/index.php?rest_route=%2Fwp%2Fv2%2Ftags&post=3760"}],"curies":[{"name":"wp","href":"https:\/\/api.w.org\/{rel}","templated":true}]}}