{"id":3650,"date":"2016-05-10T19:13:15","date_gmt":"2016-05-10T17:13:15","guid":{"rendered":"http:\/\/www.accomplir.asso.fr\/accomplir\/?p=3650"},"modified":"2016-05-20T20:13:30","modified_gmt":"2016-05-20T18:13:30","slug":"revue-de-presse","status":"publish","type":"post","link":"http:\/\/www.accomplir.asso.fr\/accomplir\/?p=3650","title":{"rendered":"La Canop\u00e9e a mauvaise presse"},"content":{"rendered":"<p><a href=\"http:\/\/www.theguardian.com\/artanddesign\/2016\/apr\/06\/les-halles-paris-architecture-custard-coloured-flop\"><img loading=\"lazy\" src=\"http:\/\/www.accomplir.asso.fr\/accomplir\/wp-content\/uploads\/2016\/04\/guardian_custard-300x300.png\" title=\"A custard-coloured flop: the \u20ac1bn revamp of Les Halles in Paris\" width=\"300\" height=\"300\" class=\"alignleft\" \/><\/a>Pluie d'articles moqueurs dans la presse fran\u00e7aise et \u00e9trang\u00e8re pour l'inauguration de la Canop\u00e9e. Passants mouill\u00e9s, flaques d'eau sous le \"toit\", riverains aveugl\u00e9s par la verri\u00e8re, lourdeur, manque de lumi\u00e8re, choix de la couleur... Nous sommes bien loin de <a href=\"http:\/\/www.accomplir.asso.fr\/accomplir\/wp-content\/uploads\/2016\/05\/Berger_halles_croquis_03.jpg\">ce que l'architecte nous promettait<\/a>. (<em>article mis \u00e0 jour le 10 mai 2016<\/em>)<\/p>\n<ul>\n<li><a href=\"http:\/\/www.accomplir.asso.fr\/accomplir\/wp-content\/uploads\/2016\/04\/2016-03-29_mediapart.pdf\" target=\"_blank\">Le Forum des Halles: la Mairie privatise le c\u0153ur de Paris et Hip Hop, la m\u00e9tropole!<\/a> - Mediapart - 29 mars 2016<\/li>\n<li><a href=\"http:\/\/www.accomplir.asso.fr\/accomplir\/wp-content\/uploads\/2016\/04\/2016-03_30_fr3_grandparis.mp4\" target=\"_blank\">Grand Paris<\/a> - France 3 - 30 mars 2016<\/li>\n<li><a href=\"http:\/\/www.accomplir.asso.fr\/accomplir\/wp-content\/uploads\/2016\/04\/2016-03-31_point.pdf\" target=\"_blank\">Les Halles : une Canop\u00e9e plomb\u00e9e<\/a> - Le Point - 31 mars 2016<\/li>\n<li><a href=\"http:\/\/www.accomplir.asso.fr\/accomplir\/wp-content\/uploads\/2016\/04\/2016-04-02_lemonde_indigestion.pdf\" target=\"_blank\">Du \u00ab ventre de Paris \u00bb au Forum des Halles, histoire d\u2019une indigestion<\/a> - Le Monde - 2 avril 2016<\/li>\n<li><a href=\"http:\/\/www.accomplir.asso.fr\/accomplir\/wp-content\/uploads\/2016\/04\/2016-04-02_lemonde_effeuillage.pdf\" target=\"_blank\">Effeuillage pr\u00e9cipit\u00e9 pour la Canop\u00e9e<\/a> - Le Monde - 2 avril 2016<\/li>\n<li><a href=\"http:\/\/www.accomplir.asso.fr\/accomplir\/wp-content\/uploads\/2016\/04\/2016-04-02_lemonde_hip-hop.pdf\" target=\"_blank\">Le hip\u00adhop est dans La Place<\/a> - Le Monde - 2 avril 2016<\/li>\n<li><a href=\"http:\/\/www.accomplir.asso.fr\/accomplir\/wp-content\/uploads\/2016\/04\/2016-04-02_JDD.pdf\" target=\"_blank\">Les deux c\u00f4t\u00e9s de la Canop\u00e9e<\/a> - JDD - 2 avril 2016<\/li>\n<li><a href=\"http:\/\/www.accomplir.asso.fr\/accomplir\/wp-content\/uploads\/2016\/04\/2016-04-03_tf1_jt.mp4\" target=\"_blank\">JT weekend de TF1<\/a> - 3 avril 2016<\/li>\n<li><a href=\"http:\/\/lindependantdu4e.typepad.fr\/arrondissement_de_paris\/2016\/04\/les-pans-de-laideurs-selon-christophe-girard-un-milliard-deuros-apr\u00e8s-.html\" target=\"_blank\">MDCCVI : Les \"pans de laideurs\" du Forum des Halles selon Christophe Girard, un milliard d'euros apr\u00e8s...<\/a> - L'Ind\u00e9pendant du 4\u00e8me - 3 avril 2016<\/li>\n<li><a href=\"http:\/\/www.jacques-boutault.fr\/article\/9619\" target=\"_blank\">La Canop\u00e9e : un cadeau des Parisiens \u00e0 une soci\u00e9t\u00e9 du Cac40<\/a> - Blog de Jacques Boutault, maire du 2\u00e8me arrondissement - 4 avril 2016<\/li>\n<p><!--more--><\/p>\n<li><a href=\"https:\/\/www.francebleu.fr\/infos\/economie-social\/apres-6-ans-de-travaux-la-canopee-et-le-forum-des-halles-ouvrent-aujourd-hui-1459753955\" target=\"_blank\">Apr\u00e8s six ans de travaux, la canop\u00e9e et le forum des Halles sont inaugur\u00e9s ce mardi<\/a> - France Bleu - 4 avril 2016<\/li>\n<li><a href=\"http:\/\/www.leparisien.fr\/paris-75\/paris-la-canopee-ouvre-apres-cinq-ans-de-travaux-04-04-2016-5686703.php\" target=\"_blank\">Paris : la Canop\u00e9e ouvre apr\u00e8s cinq ans de travaux<\/a> - Le Parisien - 4 avril 2016<\/li>\n<li><a href=\"http:\/\/www.accomplir.asso.fr\/accomplir\/wp-content\/uploads\/2016\/04\/2016-04-05_parisien.pdf\" target=\"_blank\">La Canop\u00e9e ouvre aujourd\u2019hui<\/a> - Le Parisien - 5 avril 2016<\/li>\n<li><a href=\"http:\/\/www.liberation.fr\/france\/2016\/04\/04\/le-forum-des-halles-dans-les-dedales-du-temps_1443977\" target=\"_blank\">Le Forum des Halles dans les d\u00e9dales du temps<\/a> - Lib\u00e9ration - 4 avril 2016<\/li>\n<li><a href=\"http:\/\/www.franceinter.fr\/player\/export-reecouter?content=1265023\" target=\"_blank\">La canop\u00e9e des Halles se d\u00e9voile apr\u00e8s six ans de travaux<\/a> - France Inter - 5 avril 2016<\/li>\n<li><a href=\"http:\/\/www.20minutes.fr\/paris\/1820235-20160405-inauguration-canopee-paris-fierte-galere-enfin-racontent-chantier\" target=\"_blank\">Inauguration de la Canop\u00e9e \u00e0 Paris: \u00abFiert\u00e9\u00bb, \u00abgal\u00e8re\u00bb, \u00abenfin\u00bb\u2026 ils racontent le chantier<\/a> - 20 minutes - 5 avril 2016<\/li>\n<li><a href=\"http:\/\/www.metronews.fr\/info\/la-nouvelle-canopee-des-halles-le-projet-a-ete-tres-mal-conduit-de-bout-en-bout\/mpde!iE0RiXfKcJgM\/\" target=\"_blank\">Nouveau forum des Halles : \"Le projet a \u00e9t\u00e9 tr\u00e8s mal conduit de bout en bout\"<\/a> - Metronews - 5 avril 2016<\/li>\n<li><a href=\"http:\/\/www.la-croix.com\/Culture\/Le-Forum-Halles-trou-noir-architecture-2016-04-05-1200751168\" target=\"_blank\">Le Forum des Halles, trou noir de l\u2019architecture<\/a> - La Croix - 5 avril 2016<\/li>\n<li><a href=\"http:\/\/www.pierre-lellouche.fr\/inauguration-de-lhideuse-canopee-des-halles-les-raisons-de-mon-absence\/\" target=\"_blank\">Inauguration de l\u2019hideuse et co\u00fbteuse Canop\u00e9e des Halles : les raisons de mon absence<\/a> - Blog de Pierre Lellouche, d\u00e9put\u00e9 de la 1\u00e8re circonscription de Paris - 5 avril 2016<\/li>\n<li><a href=\"http:\/\/www.accomplir.asso.fr\/accomplir\/wp-content\/uploads\/2016\/04\/France-Info-050416.mp3\" target=\"_blank\">Les Halles sur France Info<\/a> - 5 avril 2016<\/li>\n<li><a href=\"http:\/\/www.lepoint.fr\/societe\/sous-la-canopee-les-divisions-06-04-2016-2030417_23.php\" target=\"_blank\">Sous la Canop\u00e9e, les divisions<\/a> - Le Point - 6 avril 2016<\/li>\n<li><a href=\"http:\/\/www.theguardian.com\/artanddesign\/2016\/apr\/06\/les-halles-paris-architecture-custard-coloured-flop\" target=\"_blank\">A custard-coloured flop: the \u20ac1bn revamp of Les Halles in Paris<\/a> - The Guardian 6 avril 2016<\/li>\n<li><a href=\"http:\/\/www.atlantico.fr\/decryptage\/malediction-halles-paris-plane-toujours-site-preuve-canopee-serge-federbusch-2653199.html\" target=\"_blank\">La mal\u00e9diction des Halles de Paris plane toujours sur le site : la preuve par la Canop\u00e9e<\/a> - allantico.fr - 6 avril 2016<\/li>\n<li><a href=\"http:\/\/premium.lefigaro.fr\/culture\/2016\/04\/06\/03004-20160406ARTFIG00211-la-canopee-nouveau-rate-des-halles.php\" target=\"_blank\">La Canop\u00e9e, nouveau rat\u00e9 des Halles<\/a> - Le Figaro - 7 avril 2016<\/li>\n<li><a href=\"http:\/\/www.accomplir.asso.fr\/accomplir\/wp-content\/uploads\/2016\/04\/2016-04-07_voltaire.pdf\" target=\"_blank\">Un milliard d\u2019euros pour la Canop\u00e9e des Halles<\/a> - Boulevard Voltaire - 7 avril 2016<\/li>\n<li><a href=\"http:\/\/www.telerama.fr\/sortir\/la-canopee-des-halles-accouche-d-un-vaste-un-temple-de-la-consommation-encore-en-travaux,140761.php\" target=\"_blank\">La Canop\u00e9e des Halles accouche d'un\u2026 vaste temple de la consommation (encore en travaux)<\/a> - T\u00e9l\u00e9rama - 7 avril 2016<\/li>\n<li><a href=\"http:\/\/gpmetropole.fr\/blog\/la-canopee-nouveau-et-cher-symbole-des-halles\/\" target=\"_blank\">La Canop\u00e9e, nouveau et cher symbole des Halles<\/a> - Grand Paris M\u00e9tropole - 8 avril 2016<\/li>\n<li><a href=\"http:\/\/www.courrierinternational.com\/article\/vu-du-royaume-uni-les-nouvelles-halles-de-paris-un-fiasco-couleur-creme-anglaise?utm_campaign=Echobox&amp;utm_medium=Social&amp;utm_source=Twitter#link_time=1460017821\" target=\"_blank\">Vu du Royaume-Uni. Les nouvelles Halles de Paris : un fiasco couleur cr\u00e8me anglaise<\/a> - Courrier International - 9 avril 2016<\/li>\n<li><a href=\"https:\/\/sosparisblog.wordpress.com\/2016\/04\/09\/canopee-des-halles-une-provocation-dans-le-cadre-patrimonial-des-edifices-classes\/\" target=\"_blank\">Canop\u00e9e des Halles : une provocation dans le cadre patrimonial des \u00e9difices class\u00e9s<\/a> - Blog de SOS Paris - 9 avril 2016<\/li>\n<li><a href=\"http:\/\/www.leparisien.fr\/paris-75\/aux-halles-le-temple-du-shopping-n-en-a-pas-fini-avec-les-travaux-10-04-2016-5703099.php\" target=\"_blank\">Aux Halles, le temple du shopping n\u2019en a pas fini avec les travaux<\/a> - Le Parisien - 10 avril 2016<\/li>\n<li><a href=\"http:\/\/premium.lefigaro.fr\/flash-actu\/2016\/04\/11\/97001-20160411FILWWW00030-paris-fuites-d-eau-a-la-canopee-des-halles.php\" target=\"_blank\">Paris: fuites d'eau \u00e0 la Canop\u00e9e des Halles<\/a> - Le Figaro - 11 avril 2016<\/li>\n<li><a href=\"http:\/\/www.20minutes.fr\/paris\/1824095-20160411-paris-fraichement-inauguree-canopee-halles-deja-fuites\" target=\"_blank\">Paris: A peine inaugur\u00e9e, la Canop\u00e9e des Halles a d\u00e9j\u00e0 des fuites<\/a> - 20 minutes - 11 avril 2016<\/li>\n<li><a href=\"http:\/\/premium.lefigaro.fr\/culture\/2016\/04\/11\/03004-20160411ARTFIG00205--peine-inauguree-la-canopee-des-halles-prend-deja-l-eau.php\" target=\"_blank\">\u00c0 peine inaugur\u00e9e, la Canop\u00e9e des Halles prend d\u00e9j\u00e0 l'eau<\/a> - Le Figaro - 11 avril 2016<\/li>\n<li><a href=\"http:\/\/tempsreel.nouvelobs.com\/en-direct\/a-chaud\/21335-dingueca-paris-canopee-halles-inauguree-semaine-derniere-d.html\" target=\"_blank\">Oups... La Canop\u00e9e des Halles, inaugur\u00e9e la semaine derni\u00e8re, d\u00e9gouline \"tous les 7 ou 8 m\u00e8tres\"<\/a> - L'Obs - 11 avril 2016<\/li>\n<li><a href=\"http:\/\/Tout juste inaugur\u00e9e, la Canop\u00e9e des Halles prend d\u00e9j\u00e0 l'eau Read more at http:\/\/www.atlantico.fr\/pepites\/tout-juste-inauguree-canopee-halles-prend-deja-eau-2659191.html#FDFlV6OBRgc5hRK7.99\" target=\"_blank\">Tout juste inaugur\u00e9e, la Canop\u00e9e des Halles prend d\u00e9j\u00e0 l'eau<\/a> - atlantico.fr - 11 avril 2016<\/li>\n<li><a href=\"http:\/\/immobilier.lefigaro.fr\/article\/la-malediction-des-grands-chantiers-parisiens-se-poursuit_4ff7013e-ffec-11e5-bff2-5a60ced0358d\/\" target=\"_blank\">La mal\u00e9diction des grands chantiers parisiens se poursuit<\/a> - Le Figaro - 11 avril 2016<\/li>\n<li><a href=\"http:\/\/m.leparisien.fr\/video\/x43q5q9\" target=\"_blank\">A peine inaugur\u00e9e, la Canop\u00e9e des Halles a d\u00e9j\u00e0 des fuites d'eau<\/a> - Le Parisien (vid\u00e9o) - 11 avril 2016<\/li>\n<li><a href=\"https:\/\/fr.news.yahoo.com\/\u00e0-peine-inaugur\u00e9e-canop\u00e9e-halles-prend-d\u00e9j\u00e0-leau-143834296.html\" target=\"_blank\">\u00c0 peine inaugur\u00e9e, la Canop\u00e9e des Halles prend d\u00e9j\u00e0 l'eau<\/a> - Yahoo News - 11 avril 2016 (lire les commentaires)<\/li>\n<li><a href=\"http:\/\/www.accomplir.asso.fr\/accomplir\/wp-content\/uploads\/2016\/04\/2016-04-12_parisien_fuites.pdf\" target=\"_blank\">Canop\u00e9e des Halles : l\u2019architecte reconna\u00eet les fuites et annonce des travaux<\/a> - Le Parisien - 12 Avril 2016<\/li>\n<li><a href=\"http:\/\/www.lecourrierdelarchitecte.com\/article_5963\" target=\"_blank\">Droit de r\u00e9ponse | Le vrai \u00abp\u00e9ch\u00e9 originel\u00bb du projet des Halles<\/a> (Elisabeth Bourguinat) - Le courrier de l'architecte - 13 avril 2016<\/li>\n<li><a href=\"http:\/\/www.metronews.fr\/info\/video-les-halles-deja-critique-pour-son-jaune-lavasse-le-toit-de-la-canopee-prend-aussi-l-eau\/mpdm!5G6YuhdFMjmg\/\" target=\"_blank\">D\u00e9j\u00e0 critiqu\u00e9 pour son \"jaune lavasse\", le toit de la Canop\u00e9e prend (aussi) l'eau\u2026<\/a> - Metronews - 13 avril 2016<\/li>\n<li><a href=\"http:\/\/france3-regions.francetvinfo.fr\/paris-ile-de-france\/paris\/tuile-aux-halles-la-canopee-n-est-pas-etanche-974916.html\" target=\"_blank\">Tuile : aux Halles, la Canop\u00e9e n'est pas \u00e9tanche<\/a> - France3 - 13 avril 2016<\/li>\n<li><a href=\"http:\/\/www.leparisien.fr\/espace-premium\/paris-75\/canopee-il-y-aura-bien-des-travaux-pour-eviter-les-fuites-13-04-2016-5709889.php\" target=\"_blank\">Canop\u00e9e : il y aura bien des travaux pour \u00e9viter les fuites<\/a> - Le Parisien - 13 avril 2016<\/li>\n<li><a href=\"http:\/\/www.lepoint.fr\/societe\/paris-la-tres-chere-canopee-prend-deja-l-eau-14-04-2016-2032169_23.php\" target=\"_blank\">Paris : la (tr\u00e8s ch\u00e8re) Canop\u00e9e prend d\u00e9j\u00e0 l'eau<\/a> - Le Point - 14 avril 2016<\/li>\n<li><a href=\"http:\/\/www.accomplir.asso.fr\/accomplir\/wp-content\/uploads\/2016\/04\/2016-04-14_bfm_fuites.mp4\" target=\"_blank\">Paris: \u00e0 peine inaugur\u00e9e, la canop\u00e9e des Halles souffre d\u00e9j\u00e0 de fuites d'eau<\/a> - BFM TV - 14 avril 2016<\/li>\n<li><a href=\"http:\/\/www.accomplir.asso.fr\/accomplir\/wp-content\/uploads\/2016\/04\/2016-04-16_monde.pdf\" taget=\"_blank\">Une Canop\u00e9e trop commerciale<\/a> - Le Monde - 15 avril 2016<\/li>\n<li><a href=\"http:\/\/www.francetvinfo.fr\/societe\/oui-il-pleut-sous-la-canopee-des-halles-mais-c-est-presque-normal_1406703.html\" target=\"_blank\">Oui, il pleut sous la Canop\u00e9e des Halles mais c'est (presque) normal<\/a> - France TV Info - 15 avril 2016<\/li>\n<li><a href=\"http:\/\/www.nice-provence.info\/blog\/2016\/04\/15\/la-fausse-canopee-des-halles-de-paris\/\" target=\"_blank\">La fausse canop\u00e9e des Halles de Paris<\/a> - Nice-Provence Info - 16 avril 2016<\/li>\n<li><a href=\"http:\/\/www.konbini.com\/fr\/inspiration-2\/la-canopee-halles-prend-eau\/\" target=\"_blank\">Tout juste inaugur\u00e9e, la Canop\u00e9e des Halles \u00e0 Paris prend d\u00e9j\u00e0 l\u2019eau<\/a> - Konbini - 16 avril 2016<\/li>\n<li><a href=\"http:\/\/www.nytimes.com\/2016\/04\/22\/world\/europe\/paris-les-halles-la-canopee.html?_r=0\" target=\"_blank\">A Canopy Where Les Halles Once Reigned Gets Parisian Welcome<\/a> - New York Times - 21 avril 2016<\/li>\n<li><a href=\"http:\/\/www.lenouveleconomiste.fr\/des-millions-de-leau-des-larmes-et-des-toilettes-30569\/\" target=\"_blank\">Des millions, de l\u2019eau, des larmes et des toilettes<\/a> - Le Nouvel Economiste - 22 avril 2016<\/li>\n<li><a href=\"http:\/\/www.20minutes.fr\/paris\/1834831-20160427-paris-quand-canopee-eblouit-riverains\" target=\"_blank\">Paris: Attention les yeux, la Canop\u00e9e \u00e9blouit les riverains<\/a> - 20minutes - 27 avril 2016<\/li>\n<li><a href=\"http:\/\/premium.lefigaro.fr\/culture\/2016\/04\/27\/03004-20160427ARTFIG00273--peine-inauguree-la-canopee-des-halles-aveugle-les-parisiens.php\" target=\"_blank\">\u00c0 peine inaugur\u00e9e, la Canop\u00e9e des Halles aveugle les Parisiens<\/a> - Le Figaro - 27 avril 2016<\/li>\n<li><a href=\"http:\/\/www.exponaute.com\/magazine\/2016\/04\/28\/eblouissante-et-permeable-la-canopee-des-halles-naime-pas-la-meteo\/\" target=\"_blank\">\u00c9blouissante et perm\u00e9able, la \u00ab Canop\u00e9e \u00bb des Halles n\u2019aime pas la m\u00e9t\u00e9o<\/a> - Exposante - 28 avril 2016<\/li>\n<li><a href=\"http:\/\/www.accomplir.asso.fr\/accomplir\/wp-content\/uploads\/2016\/04\/La-canop\u00e9e-par-Canteloup-29-04-16.m4a\" target=\"_blank\">Canteloup et la Canop\u00e9e<\/a> - Europe1 - 29 avril 2016<\/li>\n<li><a href=\"http:\/\/www.accomplir.asso.fr\/accomplir\/wp-content\/uploads\/2016\/04\/2016-05-06_batiactu.pdf\" target=\"_blank\">A peine livr\u00e9e, la Canop\u00e9e des Halles de Paris se trouve d\u00e9j\u00e0 au centre d'une pol\u00e9mique<\/a> - Batiactu - 6mai 2016 <\/li>\n<\/ul>\n","protected":false},"excerpt":{"rendered":"<p>Pluie d'articles moqueurs dans la presse fran\u00e7aise et \u00e9trang\u00e8re pour l'inauguration de la Canop\u00e9e. Passants mouill\u00e9s, flaques d'eau sous le \"toit\", riverains aveugl\u00e9s par la verri\u00e8re, lourdeur, manque de lumi\u00e8re, choix de la couleur... Nous sommes bien loin de ce que l'architecte nous promettait. (article mis \u00e0 jour le 10 mai 2016) Le Forum des &hellip; <a href=\"http:\/\/www.accomplir.asso.fr\/accomplir\/?p=3650\" class=\"more-link\">Continuer la lecture de <span class=\"screen-reader-text\">La Canop\u00e9e a mauvaise presse<\/span>  <span class=\"meta-nav\">&rarr;<\/span><\/a><\/p>\n","protected":false},"author":4,"featured_media":0,"comment_status":"open","ping_status":"open","sticky":false,"template":"","format":"standard","meta":[],"categories":[5],"tags":[],"_links":{"self":[{"href":"http:\/\/www.accomplir.asso.fr\/accomplir\/index.php?rest_route=\/wp\/v2\/posts\/3650"}],"collection":[{"href":"http:\/\/www.accomplir.asso.fr\/accomplir\/index.php?rest_route=\/wp\/v2\/posts"}],"about":[{"href":"http:\/\/www.accomplir.asso.fr\/accomplir\/index.php?rest_route=\/wp\/v2\/types\/post"}],"author":[{"embeddable":true,"href":"http:\/\/www.accomplir.asso.fr\/accomplir\/index.php?rest_route=\/wp\/v2\/users\/4"}],"replies":[{"embeddable":true,"href":"http:\/\/www.accomplir.asso.fr\/accomplir\/index.php?rest_route=%2Fwp%2Fv2%2Fcomments&post=3650"}],"version-history":[{"count":78,"href":"http:\/\/www.accomplir.asso.fr\/accomplir\/index.php?rest_route=\/wp\/v2\/posts\/3650\/revisions"}],"predecessor-version":[{"id":3952,"href":"http:\/\/www.accomplir.asso.fr\/accomplir\/index.php?rest_route=\/wp\/v2\/posts\/3650\/revisions\/3952"}],"wp:attachment":[{"href":"http:\/\/www.accomplir.asso.fr\/accomplir\/index.php?rest_route=%2Fwp%2Fv2%2Fmedia&parent=3650"}],"wp:term":[{"taxonomy":"category","embeddable":true,"href":"http:\/\/www.accomplir.asso.fr\/accomplir\/index.php?rest_route=%2Fwp%2Fv2%2Fcategories&post=3650"},{"taxonomy":"post_tag","embeddable":true,"href":"http:\/\/www.accomplir.asso.fr\/accomplir\/index.php?rest_route=%2Fwp%2Fv2%2Ftags&post=3650"}],"curies":[{"name":"wp","href":"https:\/\/api.w.org\/{rel}","templated":true}]}}