{"id":3605,"date":"2016-04-05T23:46:13","date_gmt":"2016-04-05T21:46:13","guid":{"rendered":"http:\/\/www.accomplir.asso.fr\/accomplir\/?p=3605"},"modified":"2016-04-11T19:12:33","modified_gmt":"2016-04-11T17:12:33","slug":"canopee-une-inauguration-au-gout-amer","status":"publish","type":"post","link":"http:\/\/www.accomplir.asso.fr\/accomplir\/?p=3605","title":{"rendered":"Canop\u00e9e : une inauguration au go\u00fbt amer"},"content":{"rendered":"<p><a href=\"http:\/\/www.accomplir.asso.fr\/accomplir\/?attachment_id=3619\" rel=\"attachment wp-att-3619\"><img loading=\"lazy\" src=\"http:\/\/www.accomplir.asso.fr\/accomplir\/wp-content\/uploads\/2016\/03\/IMG_0254-300x225.jpg\" title=\"La Canop\u00e9e\" width=\"300\" height=\"225\" class=\"alignleft\" \/><\/a>(<em>mise \u00e0 jour du 5 avril<\/em>) La Canop\u00e9e des Halles a \u00e9t\u00e9 inaugur\u00e9e en petit comit\u00e9. Des invit\u00e9s venus pour l\u2019occasion, et qui ne reviendront pas souvent, vont se p\u00e2mer entre deux petits fours, impressionn\u00e9s par le b\u00e2timent. Accomplir ne partage ni cet enthousiasme, ni le champagne car pour nous, la Canop\u00e9e est une suite de d\u00e9ceptions.<\/p>\n<p>Le r\u00e9sultat de 2016 n\u2019a pas grand chose \u00e0 voir avec <a href=\"http:\/\/www.accomplir.asso.fr\/dossiers\/renovation\/08%20HALLES_dossier%20de%20presse.pdf\">les esquisses qui avaient remport\u00e9 les suffrages du jury<\/a> (*) en 2007 : la feuille l\u00e9g\u00e8re, ondoyante et translucide est devenue un toit culminant \u00e0 17 m\u00e8tres, reposant sur <a href=\"http:\/\/www.accomplir.asso.fr\/accomplir\/?p=3579\" target=\"_blank\">7000 tonnes de m\u00e9tal<\/a>, quasi-opaque. D\u2019apr\u00e8s nos observations, un \u00e9clairage artificiel est allum\u00e9 sous la structure toute la journ\u00e9e ! <a href=\"http:\/\/www.accomplir.asso.fr\/accomplir\/?p=3123\">L\u2019entretien, outre son co\u00fbt d\u00e9mentiel, promet d\u2019\u00eatre compliqu\u00e9<\/a>, alors que <a href=\"http:\/\/www.accomplir.asso.fr\/accomplir\/wp-content\/uploads\/2016\/03\/IMG_0259.jpg\">les pigeons ont d\u00e9j\u00e0 \u00e9lu domicile sur les ventelles\"<\/a>.<\/p>\n<p>Architectes et ing\u00e9nieurs se sont fait plaisir, les perdants \u00e9tant comme toujours les usagers. Nous avons de s\u00e9rieux doutes sur le fonctionnement futur de cette Canop\u00e9e et de ses \u00e9quipements. Les premiers constats ? Des salles de r\u00e9p\u00e9tition du Conservatoire trop exig\u00fces, l\u2019absence regrettable d\u2019auditorium, <a href=\"http:\/\/www.accomplir.asso.fr\/accomplir\/wp-content\/uploads\/2016\/03\/IMG_0262.jpg\">la faible lumi\u00e8re naturelle dans les locaux<\/a>\u2026 L\u2019impression g\u00e9n\u00e9rale est que les mat\u00e9riaux et les finitions sont \u00ab cheap \u00bb et r\u00e9sisteront mal au temps et \u00e0 la forte fr\u00e9quentation.<\/p>\n<p>Enfin, comment se r\u00e9jouir d\u2019une \u00ab inauguration \u00bb quand elle arrive apr\u00e8s six ann\u00e9es et <a href=\"http:\/\/www.accomplir.asso.fr\/accomplir\/?p=3476\">surtout 100 nuits de travaux<\/a>, et qu\u2019il reste <a href=\"http:\/\/www.accomplir.asso.fr\/accomplir\/?p=3529\">encore plus de deux ans de chantier<\/a> ? La gare RER et son indispensable mise en s\u00e9curit\u00e9, le jardin (dont la moiti\u00e9 d\u00e9j\u00e0 livr\u00e9e cumule erreurs de conception et r\u00e9alisation b\u00e2cl\u00e9e), ainsi que <a href=\"http:\/\/www.accomplir.asso.fr\/accomplir\/?p=3526\">la r\u00e9novation du quartier pi\u00e9ton sont loin d\u2019\u00eatre achev\u00e9s<\/a>. Pour ce dernier, c\u2019est un comble, il faudra se contenter d\u2019un rafistolage a minima, le d\u00e9passement de budget de la Canop\u00e9e emp\u00eache par exemple de mettre en place des solutions innovantes pour le contr\u00f4le d\u2019acc\u00e8s des v\u00e9hicules dans la zone pi\u00e9tonne. <\/p>\n<p>Pour les usagers quotidiens du site, notons toutefois quelques points positifs, comme les nouveaux acc\u00e8s directs \u00e0 l\u2019espace RATP. Mais pour le vrai bilan de cette op\u00e9ration \u00e0 1 milliard d\u2019euros, dont la Canop\u00e9e n\u2019est qu\u2019une \u00e9tape, rendez-vous \u00e0 la fin du projet. Pas s\u00fbr que l\u2019ambiance sera \u00e0 la f\u00eate.  <\/p>\n<p>(*) dont un repr\u00e9sentant d\u2019Accomplir faisait partie<\/p>\n<p><a href=\"http:\/\/www.accomplir.asso.fr\/accomplir\/wp-content\/uploads\/2016\/03\/canopee_inauguration_gout_amer.pdf\" target=\"_blank\">Canop\u00e9e : une inauguration au go\u00fbt amer<\/a> (version pdf)<\/p>\n","protected":false},"excerpt":{"rendered":"<p>(mise \u00e0 jour du 5 avril) La Canop\u00e9e des Halles a \u00e9t\u00e9 inaugur\u00e9e en petit comit\u00e9. Des invit\u00e9s venus pour l\u2019occasion, et qui ne reviendront pas souvent, vont se p\u00e2mer entre deux petits fours, impressionn\u00e9s par le b\u00e2timent. Accomplir ne partage ni cet enthousiasme, ni le champagne car pour nous, la Canop\u00e9e est une suite &hellip; <a href=\"http:\/\/www.accomplir.asso.fr\/accomplir\/?p=3605\" class=\"more-link\">Continuer la lecture de <span class=\"screen-reader-text\">Canop\u00e9e : une inauguration au go\u00fbt amer<\/span>  <span class=\"meta-nav\">&rarr;<\/span><\/a><\/p>\n","protected":false},"author":4,"featured_media":0,"comment_status":"open","ping_status":"open","sticky":false,"template":"","format":"standard","meta":[],"categories":[5],"tags":[],"_links":{"self":[{"href":"http:\/\/www.accomplir.asso.fr\/accomplir\/index.php?rest_route=\/wp\/v2\/posts\/3605"}],"collection":[{"href":"http:\/\/www.accomplir.asso.fr\/accomplir\/index.php?rest_route=\/wp\/v2\/posts"}],"about":[{"href":"http:\/\/www.accomplir.asso.fr\/accomplir\/index.php?rest_route=\/wp\/v2\/types\/post"}],"author":[{"embeddable":true,"href":"http:\/\/www.accomplir.asso.fr\/accomplir\/index.php?rest_route=\/wp\/v2\/users\/4"}],"replies":[{"embeddable":true,"href":"http:\/\/www.accomplir.asso.fr\/accomplir\/index.php?rest_route=%2Fwp%2Fv2%2Fcomments&post=3605"}],"version-history":[{"count":16,"href":"http:\/\/www.accomplir.asso.fr\/accomplir\/index.php?rest_route=\/wp\/v2\/posts\/3605\/revisions"}],"predecessor-version":[{"id":3713,"href":"http:\/\/www.accomplir.asso.fr\/accomplir\/index.php?rest_route=\/wp\/v2\/posts\/3605\/revisions\/3713"}],"wp:attachment":[{"href":"http:\/\/www.accomplir.asso.fr\/accomplir\/index.php?rest_route=%2Fwp%2Fv2%2Fmedia&parent=3605"}],"wp:term":[{"taxonomy":"category","embeddable":true,"href":"http:\/\/www.accomplir.asso.fr\/accomplir\/index.php?rest_route=%2Fwp%2Fv2%2Fcategories&post=3605"},{"taxonomy":"post_tag","embeddable":true,"href":"http:\/\/www.accomplir.asso.fr\/accomplir\/index.php?rest_route=%2Fwp%2Fv2%2Ftags&post=3605"}],"curies":[{"name":"wp","href":"https:\/\/api.w.org\/{rel}","templated":true}]}}