{"id":3189,"date":"2015-09-29T14:59:18","date_gmt":"2015-09-29T12:59:18","guid":{"rendered":"http:\/\/www.accomplir.asso.fr\/accomplir\/?p=3189"},"modified":"2015-10-13T17:43:19","modified_gmt":"2015-10-13T15:43:19","slug":"compte-rendu-de-reunion-publique-sur-le-chantier-des-halles-23092015","status":"publish","type":"post","link":"http:\/\/www.accomplir.asso.fr\/accomplir\/?p=3189","title":{"rendered":"Compte-rendu de r\u00e9union publique sur le chantier des Halles (23\/09\/2015)"},"content":{"rendered":"<p><a href=\"http:\/\/www.accomplir.asso.fr\/accomplir\/wp-content\/uploads\/2015\/09\/Invitation-RP_23-sept.133137.jpg\"><img loading=\"lazy\" src=\"http:\/\/www.accomplir.asso.fr\/accomplir\/wp-content\/uploads\/2015\/09\/Invitation-RP_23-sept.133137-214x300.jpg\" alt=\"Invitation-RP_23-sept.133137\" width=\"214\" height=\"300\" class=\"alignleft\"><\/a>Pr\u00e9sents \u00e0 la tribune :<br \/>\nJean-Louis Missika : adjoint \u00e0 l'urbanisme<br \/>\nJean-Fran\u00e7ois Legaret : maire du 1er arrondissement<br \/>\nJacques Baudrier :  pr\u00e9sident de la SemPariSeine<br \/>\nDominique Hucher : directeur g\u00e9n\u00e9ral de la SemPariSeine<br \/>\nVal\u00e9rie Geburtig et Jean-Marc Viaut : chefs de projet RATP<\/p>\n<p><strong>1. chantier RATP<\/strong><br \/>\nDates \u00e0 retenir :<br \/>\n- avril 2016 : r\u00e9ouverture de l'acc\u00e8s Lescot<br \/>\n- septembre 2016 : ouverture de l'acc\u00e8s place Marguerite de Navarre<br \/>\n- d\u00e9cembre 2016 : mise en service des ascenseurs de l'acc\u00e8s place Marguerite de Navarre<br \/>\nLes travaux RATP ont pris du retard et vont encore en prendre car l'\u00e9dicule con\u00e7u par Berger semble tr\u00e8s complexe \u00e0 construire.<br \/>\nCes retards ont provoqu\u00e9 la col\u00e8re d'Eric Dobler, directeur du Novotel, et d'un commer\u00e7ant. Les commerces autour de la place de Navarre sont impact\u00e9s par ce chantier bruyant et envahissant et chaque retard les p\u00e9nalise un peu plus.<!--more--><\/p>\n<p>A noter que la SNCF refuse de rouvrir une agence dans la salle d'\u00e9changes comme c'\u00e9tait le cas auparavant. Elle refuse \u00e9galement de mettre des bornes de retrait. Il nous a \u00e9t\u00e9 dit et r\u00e9p\u00e9t\u00e9 que Ch\u00e2telet-les Halles est la plus grande gare de Paris mais il n'est pas possible d'y retirer ses billets de train! Pourtant elle permet un acc\u00e8s direct \u00e0 la quasi totalit\u00e9 des gares parisiennes (Lyon, Montparnasse, Est et Nord) et est fr\u00e9quent\u00e9e chaque jour par des milliers de personnes, dont de nombreux touristes, qui ont besoin de retirer des billets. Les besoins de l'usager ne sont pas pris en compte.<\/p>\n<p><strong>2. chantiers Canop\u00e9e et jardin<\/strong><br \/>\nDates \u00e0 retenir :<br \/>\n- juin 2016 : ouverture du jardin sud-ouest (rue Berger c\u00f4t\u00e9 Bourse du Commerce)<br \/>\n- fin 2016 : ouverture  du jardin nord-est et nord-ouest (c\u00f4t\u00e9 Coquill\u00e8re et Rambuteau le long de Saint-Eustache)<br \/>\n- fin 2017 : ouverture de la partie sud-est du jardin (rue Berger c\u00f4t\u00e9 CNES)<br \/>\n- ao\u00fbt 2016 : r\u00e9fection des rues Rambuteau et Berger<br \/>\n- la voirie souterraine est maintenant dans sa configuration d\u00e9finitive et ouverte \u00e0 la circulation de transit : 2 entr\u00e9es (rue des Halles et rue Turbigo et 2 sorties (rue du Renard et rue Turbigo)<br \/>\n- encore deux bonnes ann\u00e9es de travaux \u00e0 pr\u00e9voir<\/p>\n<p>Premi\u00e8re salve de questions :<br \/>\n- pr\u00e9sence de SDF dans les voiries souterraines. La situation y est particuli\u00e8rement pr\u00e9occupante. Ces personnes mettent leurs vies en danger : gaz d'\u00e9chappement, risque de collision, conditions d'hygi\u00e8ne... Ils pr\u00e9sentent aussi un risque pour les automobilistes et les usagers du parking des immeubles de la RIVP (112-116 rue Rambuteau). Pas vraiment de solution en vue.<br \/>\n- fortes critiques du maire du 1er et du public sur le maintien de la circulation automobile de transit dans les voiries souterraines qui devraient \u00eatre r\u00e9serv\u00e9es aux acc\u00e8s pour les livraisons, les parkings et les secours.<br \/>\n- rue des Halles : demande de pose d'un feu tricolore \u00e0 l'entr\u00e9e de la tr\u00e9mie jug\u00e9e dangereuse.<br \/>\n- du fait du retard pour la r\u00e9fection de la rue Rambuteau les travaux de r\u00e9habilitation (fen\u00eatres, isolation thermique\u2026) du groupe d'habitations de la RIVP (112-118 rue Rambuteau) pourraient \u00eatre repouss\u00e9s. Protestations dans la salle et du maire du 1er qui exige qu'une solution soit trouv\u00e9e afin que cette op\u00e9ration d'am\u00e9lioration de l'habitat puisse se faire comme pr\u00e9vu.<\/p>\n<p>Jean-Louis Missika, adjoint \u00e0 l'urbanisme et responsable d'un projet co\u00fbtant 1milliard d'euros dont les 3\/4 pay\u00e9s par le contribuable, a quitt\u00e9 la salle \u00e0 20h. La r\u00e9union s'est prolong\u00e9e d'une heure en son absence. Cette attitude est choquante et marque un m\u00e9pris total pour un quartier qui subit des travaux depuis des ann\u00e9es et qui va encore en subir pendant deux ans.<\/p>\n<p>Seconde salve de questions :<br \/>\n- l'all\u00e9e nord-sud actuelle reliant la rue des Prouvaires au transept de Saint-Eustache est une all\u00e9e provisoire qui est emprunt\u00e9e chaque jour par des milliers de personnes. Mangin et la Ville refusent toujours de maintenir cette all\u00e9e dans le projet d\u00e9finitif. Cette all\u00e9e est demand\u00e9e depuis plus de 10 ans \u00e0 chaque r\u00e9union de concertation et \u00e0 chaque r\u00e9union publique. Le P\u00e8re Nicholson, cur\u00e9 de Saint-Eustache, a annonc\u00e9 que le transept allait \u00eatre restaur\u00e9, et que la porte donnant vers le jardin allait devenir l'acc\u00e8s \u00e0 Saint-Eustache. Cette information plaide en faveur d'une all\u00e9e nord-sud conduisant \u00e0 ce transept. Jacques Baudrier, pr\u00e9sident de la SemPariSeine, a annonc\u00e9 que rien ne changerait mais qu'il serait toujours temps de construire une all\u00e9e si le besoin s'en faisait sentir (!). Le maire du 1er a demand\u00e9 qui, dans la salle, aimait le jardin : deux mains se sont lev\u00e9es timidement !<br \/>\n- les travaux d'am\u00e9nagements des surfaces int\u00e9rieures de la Canop\u00e9e vont bient\u00f4t commencer (commerces et \u00e9quipements publics), l'ouverture \u00e9tant pr\u00e9vue pour mars 2016. Dominique Hucher a pris l'engagement qu'il n'y aurait pas de travaux de nuit.<br \/>\n- l'oculus sera remplac\u00e9 par une verri\u00e8re du m\u00eame type que celles qui se trouvent dans la partie ouest \u00e0 la place des anciennes pyramides.<br \/>\n- toujours pas de v\u00e9ritable solution pour le passage des Ling\u00e8res qui est un gigantesque urinoir.<br \/>\n- depuis la d\u00e9molition de la chemin\u00e9e (2012) qui se trouvait dans l'ancien Forum derri\u00e8re les miroirs \u00e0 l'angle Lescot-Rambuteau une bruit de soufflerie tr\u00e8s fort empoisonne la vie des habitants du 100 rue Rambuteau de jour comme de nuit. Passe d'armes entre un habitant, Dominique Hucher de la SemPariSeine et Alexis V\u00e9ron d'Espace Expansion. Dominique Hucher refuse de reconna\u00eetre que le probl\u00e8me est li\u00e9 \u00e0 la suppression de cette chemin\u00e9e. Espace Expansion a accept\u00e9 de couper la soufflerie la nuit. La situation ne peut perdurer.<\/p>\n<p>Les pr\u00e9sentations :<br \/>\n- <a href=\"http:\/\/www.accomplir.asso.fr\/accomplir\/wp-content\/uploads\/2014\/05\/2015-09-23_RATP_RNM.pdf\" target=\"_blank\">r\u00e9novation de la station Ch\u00e2telet<\/a><br \/>\n- <a href=\"http:\/\/www.accomplir.asso.fr\/accomplir\/wp-content\/uploads\/2014\/05\/2015-09-23_RATP_PoleTransport.pdf\" target=\"_blank\">p\u00f4le transport<\/a><br \/>\n- <a href=\"http:\/\/www.accomplir.asso.fr\/accomplir\/wp-content\/uploads\/2014\/05\/2015-09-23-SemPariSeine-Reunion-publique.pdf\" target=\"_blank\">suivi du chantier<\/a><\/p>\n","protected":false},"excerpt":{"rendered":"<p>Pr\u00e9sents \u00e0 la tribune : Jean-Louis Missika : adjoint \u00e0 l'urbanisme Jean-Fran\u00e7ois Legaret : maire du 1er arrondissement Jacques Baudrier : pr\u00e9sident de la SemPariSeine Dominique Hucher : directeur g\u00e9n\u00e9ral de la SemPariSeine Val\u00e9rie Geburtig et Jean-Marc Viaut : chefs de projet RATP 1. chantier RATP Dates \u00e0 retenir : - avril 2016 : r\u00e9ouverture &hellip; <a href=\"http:\/\/www.accomplir.asso.fr\/accomplir\/?p=3189\" class=\"more-link\">Continuer la lecture de <span class=\"screen-reader-text\">Compte-rendu de r\u00e9union publique sur le chantier des Halles (23\/09\/2015)<\/span>  <span class=\"meta-nav\">&rarr;<\/span><\/a><\/p>\n","protected":false},"author":4,"featured_media":0,"comment_status":"open","ping_status":"open","sticky":false,"template":"","format":"standard","meta":[],"categories":[5],"tags":[],"_links":{"self":[{"href":"http:\/\/www.accomplir.asso.fr\/accomplir\/index.php?rest_route=\/wp\/v2\/posts\/3189"}],"collection":[{"href":"http:\/\/www.accomplir.asso.fr\/accomplir\/index.php?rest_route=\/wp\/v2\/posts"}],"about":[{"href":"http:\/\/www.accomplir.asso.fr\/accomplir\/index.php?rest_route=\/wp\/v2\/types\/post"}],"author":[{"embeddable":true,"href":"http:\/\/www.accomplir.asso.fr\/accomplir\/index.php?rest_route=\/wp\/v2\/users\/4"}],"replies":[{"embeddable":true,"href":"http:\/\/www.accomplir.asso.fr\/accomplir\/index.php?rest_route=%2Fwp%2Fv2%2Fcomments&post=3189"}],"version-history":[{"count":5,"href":"http:\/\/www.accomplir.asso.fr\/accomplir\/index.php?rest_route=\/wp\/v2\/posts\/3189\/revisions"}],"predecessor-version":[{"id":3230,"href":"http:\/\/www.accomplir.asso.fr\/accomplir\/index.php?rest_route=\/wp\/v2\/posts\/3189\/revisions\/3230"}],"wp:attachment":[{"href":"http:\/\/www.accomplir.asso.fr\/accomplir\/index.php?rest_route=%2Fwp%2Fv2%2Fmedia&parent=3189"}],"wp:term":[{"taxonomy":"category","embeddable":true,"href":"http:\/\/www.accomplir.asso.fr\/accomplir\/index.php?rest_route=%2Fwp%2Fv2%2Fcategories&post=3189"},{"taxonomy":"post_tag","embeddable":true,"href":"http:\/\/www.accomplir.asso.fr\/accomplir\/index.php?rest_route=%2Fwp%2Fv2%2Ftags&post=3189"}],"curies":[{"name":"wp","href":"https:\/\/api.w.org\/{rel}","templated":true}]}}