{"id":3070,"date":"2015-09-25T08:35:13","date_gmt":"2015-09-25T06:35:13","guid":{"rendered":"http:\/\/www.accomplir.asso.fr\/accomplir\/?p=3070"},"modified":"2015-09-25T10:30:17","modified_gmt":"2015-09-25T08:30:17","slug":"tout-le-1er-arrondissement-en-zti-zone-de-tourisme-international","status":"publish","type":"post","link":"http:\/\/www.accomplir.asso.fr\/accomplir\/?p=3070","title":{"rendered":"Tout le 1er arrondissement en ZTI (zone de tourisme international)"},"content":{"rendered":"<p><a href=\"http:\/\/www.accomplir.asso.fr\/accomplir\/wp-content\/uploads\/2015\/08\/carte_zti.png\" target=\"_blank\"><img loading=\"lazy\" src=\"http:\/\/www.accomplir.asso.fr\/accomplir\/wp-content\/uploads\/2015\/08\/carte_zti-300x203.png\" title=\"carte ZTI\" width=\"300\" height=\"203\" class=\"alignleft\"><\/a><em>Article mis \u00e0 jour le 25\/09\/2015<\/em><br \/>\nLes \"zones de tourisme international\" (ZTI) pr\u00e9vues par la loi Macron et autorisant le travail le dimanche ont \u00e9t\u00e9 rendues publiques. La totalit\u00e9 du premier arrondissement est concern\u00e9e, comme le pr\u00e9cise <a href=\"http:\/\/www.liberation.fr\/politiques\/2015\/08\/18\/les-etonnantes-zones-touristiques-parisiennes-enervent-les-syndicats_1365365\" target=\"_blank\">un article paru dans Lib\u00e9ration<\/a> du 18 ao\u00fbt 2015 et <a href=\"http:\/\/www.lemonde.fr\/economie\/article\/2015\/09\/24\/macron-remporte-la-bataille-du-travail-dominical_4769935_3234.html\" target=\"_blank\">un article paru dans le Monde<\/a> du 24 septembre 2015.<\/p>\n<p>A la diff\u00e9rence de l\u2019autre mesure de droit commun sur le travail du dimanche instaur\u00e9e par la m\u00eame loi (limit\u00e9 \u00e0 12 dimanches par an) les ZTI permettent l\u2019ouverture des commerces jusqu\u2019\u00e0 minuit et tous les dimanches de l\u2019ann\u00e9e dans les zones en question. En clair, l\u2019afflux de clients, mais aussi et tout simplement l\u2019activit\u00e9 des commerces pourra avoir lieu 7 jours sur 7 et avec des horaires \u00e9tendus jusqu\u2019\u00e0 minuit.<\/p>\n<p>Quels moyens seront mis en place pour g\u00e9rer les cons\u00e9quences de ce surcroit d\u2019activit\u00e9 sur deux points cruciaux pour la vie du quartier et de ses habitants ?<\/p>\n<ul>\n<li><strong>les cons\u00e9quences mat\u00e9rielles<\/strong> : la production et la gestion des d\u00e9chets (ramassage des ordures et nettoyage des rues par exemple, d\u00e9j\u00e0 critiques actuellement le dimanche, et qui seront aggrav\u00e9s par le surcroit de fr\u00e9quentation), la gestion des nuisances sonores, les autorisations, ou pas, des livraisons le dimanche (puisque les commerces seront ouverts, il y aura n\u00e9cessairement des besoins d\u2019approvisionnement), la s\u00e9curit\u00e9 et la pr\u00e9vention du vandalisme, la circulation et les transports (les fr\u00e9quences des transports publics seront-elles renforc\u00e9es, comme pour un jour de semaine?)...<\/li>\n<li><strong>l\u2019impact \u00e9conomique et sociologique<\/strong>\u00a0de cette mesure sur la modification du tissus de commerces pr\u00e9sents dans l\u2019arrondissement : avec une telle possibilit\u00e9 de vente sur des horaires et des journ\u00e9es \u00e9largis, les pas de portes pourraient \u00eatre beaucoup plus attractifs pour certains types de commerces ou pour les bailleurs, et modifier ou rench\u00e9rir le co\u00fbt des locaux. Ceci entrainerait la disparition des commerces traditionnels de proximit\u00e9 (alimentaires notamment), qui ne verraient pas leur chiffre d\u2019affaires augmenter m\u00e9caniquement avec des horaires plus longs et qui, du coup, seraient moins rentables et remplac\u00e9s par des commerces pour touristes...<\/li>\n<\/ul>\n<p>Lire <a href=\"http:\/\/www.accomplir.asso.fr\/accomplir\/wp-content\/uploads\/2015\/08\/2015-09_courrier_AH_travail_dimanche.pdf\" target=\"_blank\">la lettre de la Maire de Paris<\/a> adress\u00e9e au Ministre de l'Economie et des Finances.<\/p>\n","protected":false},"excerpt":{"rendered":"<p>Article mis \u00e0 jour le 25\/09\/2015 Les \"zones de tourisme international\" (ZTI) pr\u00e9vues par la loi Macron et autorisant le travail le dimanche ont \u00e9t\u00e9 rendues publiques. La totalit\u00e9 du premier arrondissement est concern\u00e9e, comme le pr\u00e9cise un article paru dans Lib\u00e9ration du 18 ao\u00fbt 2015 et un article paru dans le Monde du 24 &hellip; <a href=\"http:\/\/www.accomplir.asso.fr\/accomplir\/?p=3070\" class=\"more-link\">Continuer la lecture de <span class=\"screen-reader-text\">Tout le 1er arrondissement en ZTI (zone de tourisme international)<\/span>  <span class=\"meta-nav\">&rarr;<\/span><\/a><\/p>\n","protected":false},"author":4,"featured_media":0,"comment_status":"open","ping_status":"open","sticky":false,"template":"","format":"standard","meta":[],"categories":[5],"tags":[],"_links":{"self":[{"href":"http:\/\/www.accomplir.asso.fr\/accomplir\/index.php?rest_route=\/wp\/v2\/posts\/3070"}],"collection":[{"href":"http:\/\/www.accomplir.asso.fr\/accomplir\/index.php?rest_route=\/wp\/v2\/posts"}],"about":[{"href":"http:\/\/www.accomplir.asso.fr\/accomplir\/index.php?rest_route=\/wp\/v2\/types\/post"}],"author":[{"embeddable":true,"href":"http:\/\/www.accomplir.asso.fr\/accomplir\/index.php?rest_route=\/wp\/v2\/users\/4"}],"replies":[{"embeddable":true,"href":"http:\/\/www.accomplir.asso.fr\/accomplir\/index.php?rest_route=%2Fwp%2Fv2%2Fcomments&post=3070"}],"version-history":[{"count":18,"href":"http:\/\/www.accomplir.asso.fr\/accomplir\/index.php?rest_route=\/wp\/v2\/posts\/3070\/revisions"}],"predecessor-version":[{"id":3186,"href":"http:\/\/www.accomplir.asso.fr\/accomplir\/index.php?rest_route=\/wp\/v2\/posts\/3070\/revisions\/3186"}],"wp:attachment":[{"href":"http:\/\/www.accomplir.asso.fr\/accomplir\/index.php?rest_route=%2Fwp%2Fv2%2Fmedia&parent=3070"}],"wp:term":[{"taxonomy":"category","embeddable":true,"href":"http:\/\/www.accomplir.asso.fr\/accomplir\/index.php?rest_route=%2Fwp%2Fv2%2Fcategories&post=3070"},{"taxonomy":"post_tag","embeddable":true,"href":"http:\/\/www.accomplir.asso.fr\/accomplir\/index.php?rest_route=%2Fwp%2Fv2%2Ftags&post=3070"}],"curies":[{"name":"wp","href":"https:\/\/api.w.org\/{rel}","templated":true}]}}