{"id":3022,"date":"2015-07-30T17:45:49","date_gmt":"2015-07-30T15:45:49","guid":{"rendered":"http:\/\/www.accomplir.asso.fr\/accomplir\/?p=3022"},"modified":"2015-08-04T13:10:58","modified_gmt":"2015-08-04T11:10:58","slug":"la-pharmacie-du-forum-des-halles-definitivement-condamnee","status":"publish","type":"post","link":"http:\/\/www.accomplir.asso.fr\/accomplir\/?p=3022","title":{"rendered":"La Pharmacie du Forum des Halles d\u00e9finitivement condamn\u00e9e ?"},"content":{"rendered":"<p><a href=\"http:\/\/www.accomplir.asso.fr\/accomplir\/wp-content\/uploads\/2015\/07\/pharmacie.jpg\"><img loading=\"lazy\" src=\"http:\/\/www.accomplir.asso.fr\/accomplir\/wp-content\/uploads\/2015\/07\/pharmacie.jpg\" alt=\"pharmacie\" width=\"247\" height=\"202\" class=\"alignleft\"><\/a><em>Article mis \u00e0 jour le 3 ao\u00fbt 2015<\/em><br \/>\nDans <a href=\"http:\/\/www.accomplir.asso.fr\/accomplir\/?p=2315\">un pr\u00e9c\u00e9dent article<\/a> nous relations les difficult\u00e9s rencontr\u00e9es par la Pharmacie du Forum des Halles (porte Lescot, niveau -3 du Forum) du fait du chantier des halles et plus particuli\u00e8rement des difficult\u00e9s d'acc\u00e8s.<br \/>\nCe commer\u00e7ant a d\u00e9pos\u00e9 trois demandes d'indemnisation devant la Commission de Recours Amiable (CRA) et a essuy\u00e9 trois refus malgr\u00e9 une perte de chiffre d'affaires de 70% et une fermeture entrain\u00e9e par la suppression de l'acc\u00e8s porte Lescot. Cette commission, pr\u00e9sid\u00e9e par M.Michel Courtin est compos\u00e9e de repr\u00e9sentants de la Ville de Paris, de la RATP, de la Chambre de Commerce et d\u2019Industrie de Paris et des syndicats.<br \/>\nAvec le soutien de la CCIP (Chambre de Commerce et d'Industrie de Paris) et de l'ADRAQH (Association pour la D\u00e9fense des Riverains du Quartier des Halles), la pharmacie a lanc\u00e9 une p\u00e9tition <a href=\"http:\/\/www.accomplir.asso.fr\/accomplir\/wp-content\/uploads\/2015\/07\/2015-07-27_petition_pharmacie.pdf\" target=\"_blank\">sous forme papier<\/a> et <a href=\"https:\/\/docs.google.com\/forms\/d\/1fHa3ZXjasVbUQPbIYIYq65_a1O57AdsW6dKmKB_zpfI\/viewform\" target=\"_blank\">en ligne<\/a>.<br \/>\nLe Parisien a publi\u00e9 le 15 juillet <a href=\"http:\/\/www.leparisien.fr\/paris-75\/paris-75005\/ruine-par-les-travaux-des-halles-le-pharmacien-baisse-le-rideau-15-07-2015-4946923.php#contentCommentaires\" target=\"_blank\">un premier article<\/a> dans lequel le journaliste pr\u00e9cise que 54 commer\u00e7ants (plus du quart des commer\u00e7ants du Forum) ont d\u00e9pos\u00e9 des dossiers aupr\u00e8s de la CRA et que seulement quatre d'entre eux ont obtenu une indemnisation. <a href=\"http:\/\/www.leparisien.fr\/paris-75\/petition-de-soutien-au-pharmacien-du-forum-des-halles-02-08-2015-4985907.php\" target=\"_blank\">Un second article<\/a> est paru dans le Parisien du 3 ao\u00fbt et signale le lancement de la p\u00e9tition.<br \/>\nMme Hidalgo avait d\u00e9clar\u00e9 en octobre 2010 dans <a href=\"http:\/\/www.lejdd.fr\/Politique\/Actualite\/Forum-des-Halles-Anne-Hidalgo-s-explique-230207\" target=\"_blank\">le JDD<\/a> que l'op\u00e9ration des Halles \u00e9tait <em>\"une bonne affaire pour les Parisiens\"<\/em>. Pas pour tous de fa\u00e7on \u00e9vidente.<\/p>\n","protected":false},"excerpt":{"rendered":"<p>Article mis \u00e0 jour le 3 ao\u00fbt 2015 Dans un pr\u00e9c\u00e9dent article nous relations les difficult\u00e9s rencontr\u00e9es par la Pharmacie du Forum des Halles (porte Lescot, niveau -3 du Forum) du fait du chantier des halles et plus particuli\u00e8rement des difficult\u00e9s d'acc\u00e8s. Ce commer\u00e7ant a d\u00e9pos\u00e9 trois demandes d'indemnisation devant la Commission de Recours Amiable &hellip; <a href=\"http:\/\/www.accomplir.asso.fr\/accomplir\/?p=3022\" class=\"more-link\">Continuer la lecture de <span class=\"screen-reader-text\">La Pharmacie du Forum des Halles d\u00e9finitivement condamn\u00e9e ?<\/span>  <span class=\"meta-nav\">&rarr;<\/span><\/a><\/p>\n","protected":false},"author":4,"featured_media":0,"comment_status":"open","ping_status":"open","sticky":false,"template":"","format":"standard","meta":[],"categories":[5],"tags":[],"_links":{"self":[{"href":"http:\/\/www.accomplir.asso.fr\/accomplir\/index.php?rest_route=\/wp\/v2\/posts\/3022"}],"collection":[{"href":"http:\/\/www.accomplir.asso.fr\/accomplir\/index.php?rest_route=\/wp\/v2\/posts"}],"about":[{"href":"http:\/\/www.accomplir.asso.fr\/accomplir\/index.php?rest_route=\/wp\/v2\/types\/post"}],"author":[{"embeddable":true,"href":"http:\/\/www.accomplir.asso.fr\/accomplir\/index.php?rest_route=\/wp\/v2\/users\/4"}],"replies":[{"embeddable":true,"href":"http:\/\/www.accomplir.asso.fr\/accomplir\/index.php?rest_route=%2Fwp%2Fv2%2Fcomments&post=3022"}],"version-history":[{"count":11,"href":"http:\/\/www.accomplir.asso.fr\/accomplir\/index.php?rest_route=\/wp\/v2\/posts\/3022\/revisions"}],"predecessor-version":[{"id":3040,"href":"http:\/\/www.accomplir.asso.fr\/accomplir\/index.php?rest_route=\/wp\/v2\/posts\/3022\/revisions\/3040"}],"wp:attachment":[{"href":"http:\/\/www.accomplir.asso.fr\/accomplir\/index.php?rest_route=%2Fwp%2Fv2%2Fmedia&parent=3022"}],"wp:term":[{"taxonomy":"category","embeddable":true,"href":"http:\/\/www.accomplir.asso.fr\/accomplir\/index.php?rest_route=%2Fwp%2Fv2%2Fcategories&post=3022"},{"taxonomy":"post_tag","embeddable":true,"href":"http:\/\/www.accomplir.asso.fr\/accomplir\/index.php?rest_route=%2Fwp%2Fv2%2Ftags&post=3022"}],"curies":[{"name":"wp","href":"https:\/\/api.w.org\/{rel}","templated":true}]}}