{"id":2532,"date":"2015-05-11T09:40:05","date_gmt":"2015-05-11T07:40:05","guid":{"rendered":"http:\/\/www.accomplir.asso.fr\/accomplir\/?p=2532"},"modified":"2015-05-26T10:08:44","modified_gmt":"2015-05-26T08:08:44","slug":"le-quartier-montorgueil-se-mobilise-contre-un-projet-de-mcdo-geant","status":"publish","type":"post","link":"http:\/\/www.accomplir.asso.fr\/accomplir\/?p=2532","title":{"rendered":"Le quartier Montorgueil se mobilise contre un projet de McDo g\u00e9ant"},"content":{"rendered":"<p><a href=\"http:\/\/www.accomplir.asso.fr\/accomplir\/wp-content\/uploads\/2015\/05\/mcdo_montorgueil0.png\"><img loading=\"lazy\" src=\"http:\/\/www.accomplir.asso.fr\/accomplir\/wp-content\/uploads\/2015\/05\/mcdo_montorgueil0-300x124.png\" alt=\"mcdo_montorgueil0\" width=\"300\" height=\"124\" class=\"alignright\"><\/a><em>Mis \u00e0 jour le 26\/05 \u00e0 10h00<\/em><br \/>\n Apr\u00e8s avoir \u00e9chou\u00e9 d\u00e9j\u00e0 deux fois \u00e0 s\u2019installer au c\u0153ur du quartier Sentier-Montorgueil, la multinationale Mac Donald\u2019s relance son projet d\u2019ouvrir un fast-food g\u00e9ant en face d'une \u00e9cole et \u00e0 proximit\u00e9 de 6 \u00e9tablissements scolaires, dans l'un des plus vieux quartiers du Paris historique (lire <a href=\"http:\/\/www.accomplir.asso.fr\/accomplir\/wp-content\/uploads\/2015\/05\/2015-05_06_communique_collectif_mcdo.pdf\" target=\"_blank\">le communiqu\u00e9<\/a>).<br \/>\nSelon le Collectif \"<a href=\"https:\/\/www.facebook.com\/nomcdo\" target=\"_blank\">Pas de Mac Do g\u00e9ant dans le quartier Sentier-Montorgueil<\/a>\", ce projet d\u00e9mesur\u00e9 est une menace contre la sant\u00e9 des enfants, la qualit\u00e9 de vie, la diversit\u00e9 commerciale d'un des quartiers les plus typiques de Paris et contre l'image touristique de la capitale.<!--more--><\/p>\n<p>Ce collectif :<br \/>\n- demande \u00e0 Mac Donald\u2019s d\u2019abandonner son projet.<br \/>\n- demande \u00e0 la maire de Paris, Anne Hidalgo, de faire pression sur le gouvernement fran\u00e7ais pour que la l\u00e9gislation soit modifi\u00e9e afin d\u2019interdire les fast-foods pr\u00e8s des \u00e9coles, et afin de renforcer le dispositif de protection de la diversit\u00e9 commerciale et artisanale des quartiers, conform\u00e9ment au v\u0153u du Conseil de Paris de f\u00e9vrier 2014.<br \/>\n- demande que la Ville de Paris fasse appel de la d\u00e9cision du tribunal administratif.<br \/>\n- demande que la Ville de Paris fasse l\u2019acquisition des locaux commerciaux vis\u00e9s par la multinationale pour mettre en \u0153uvre un vrai projet de d\u00e9veloppement \u00e9conomique adapt\u00e9 au quartier, par exemple dans la continuit\u00e9 des projets d'encouragement \u00e0 l'\u00e9conomie num\u00e9rique d\u00e9j\u00e0 men\u00e9s par la Ville.<br \/>\n- d\u00e9cide de relancer ce jour la p\u00e9tition contre le projet Mac Donald\u2019s. Nous ne doutons pas que des milliers d'habitants, de commer\u00e7ants, de visiteurs de France et d'ailleurs soutiendront notre combat.<br \/>\nUne manifestation a \u00e9t\u00e9 organis\u00e9e le 9 mai, avec la participation de Jacques Boutault, maire du 2\u00e8me arrondissement. (toutes les infos sur <a href=\"https:\/\/www.facebook.com\/nomcdo\" target=\"_blank\">la page Facebook du collectif<\/a>)<\/p>\n<p>Le maire du 2\u00e8me arrondissement a confirm\u00e9 que la Mairie de Paris a fait appel du jugement du tribunal administratif qui avait annul\u00e9 il y a quelques semaines le refus de la Ville d'accorder le permis de construire demand\u00e9 par Mc Donald's.<\/p>\n<p>A lire : <a href=\"http:\/\/www.accomplir.asso.fr\/accomplir\/wp-content\/uploads\/2015\/05\/2015-05-25_figaro_fronde_anti_mcdo.pdf\" target=\"_blank\">\u00c0 Paris, une fronde anti-McDonald's<\/a> - Le Figaro - 25 mai 2015<\/p>\n","protected":false},"excerpt":{"rendered":"<p>Mis \u00e0 jour le 26\/05 \u00e0 10h00 Apr\u00e8s avoir \u00e9chou\u00e9 d\u00e9j\u00e0 deux fois \u00e0 s\u2019installer au c\u0153ur du quartier Sentier-Montorgueil, la multinationale Mac Donald\u2019s relance son projet d\u2019ouvrir un fast-food g\u00e9ant en face d'une \u00e9cole et \u00e0 proximit\u00e9 de 6 \u00e9tablissements scolaires, dans l'un des plus vieux quartiers du Paris historique (lire le communiqu\u00e9). Selon &hellip; <a href=\"http:\/\/www.accomplir.asso.fr\/accomplir\/?p=2532\" class=\"more-link\">Continuer la lecture de <span class=\"screen-reader-text\">Le quartier Montorgueil se mobilise contre un projet de McDo g\u00e9ant<\/span>  <span class=\"meta-nav\">&rarr;<\/span><\/a><\/p>\n","protected":false},"author":4,"featured_media":0,"comment_status":"open","ping_status":"open","sticky":false,"template":"","format":"standard","meta":[],"categories":[5],"tags":[],"_links":{"self":[{"href":"http:\/\/www.accomplir.asso.fr\/accomplir\/index.php?rest_route=\/wp\/v2\/posts\/2532"}],"collection":[{"href":"http:\/\/www.accomplir.asso.fr\/accomplir\/index.php?rest_route=\/wp\/v2\/posts"}],"about":[{"href":"http:\/\/www.accomplir.asso.fr\/accomplir\/index.php?rest_route=\/wp\/v2\/types\/post"}],"author":[{"embeddable":true,"href":"http:\/\/www.accomplir.asso.fr\/accomplir\/index.php?rest_route=\/wp\/v2\/users\/4"}],"replies":[{"embeddable":true,"href":"http:\/\/www.accomplir.asso.fr\/accomplir\/index.php?rest_route=%2Fwp%2Fv2%2Fcomments&post=2532"}],"version-history":[{"count":6,"href":"http:\/\/www.accomplir.asso.fr\/accomplir\/index.php?rest_route=\/wp\/v2\/posts\/2532\/revisions"}],"predecessor-version":[{"id":2630,"href":"http:\/\/www.accomplir.asso.fr\/accomplir\/index.php?rest_route=\/wp\/v2\/posts\/2532\/revisions\/2630"}],"wp:attachment":[{"href":"http:\/\/www.accomplir.asso.fr\/accomplir\/index.php?rest_route=%2Fwp%2Fv2%2Fmedia&parent=2532"}],"wp:term":[{"taxonomy":"category","embeddable":true,"href":"http:\/\/www.accomplir.asso.fr\/accomplir\/index.php?rest_route=%2Fwp%2Fv2%2Fcategories&post=2532"},{"taxonomy":"post_tag","embeddable":true,"href":"http:\/\/www.accomplir.asso.fr\/accomplir\/index.php?rest_route=%2Fwp%2Fv2%2Ftags&post=2532"}],"curies":[{"name":"wp","href":"https:\/\/api.w.org\/{rel}","templated":true}]}}