{"id":2061,"date":"2015-01-06T20:00:40","date_gmt":"2015-01-06T19:00:40","guid":{"rendered":"http:\/\/www.accomplir.asso.fr\/accomplir\/?p=2061"},"modified":"2015-01-19T10:05:12","modified_gmt":"2015-01-19T09:05:12","slug":"la-proprete-laffaire-de-tous","status":"publish","type":"post","link":"http:\/\/www.accomplir.asso.fr\/accomplir\/?p=2061","title":{"rendered":"La propret\u00e9 : l'affaire de tous"},"content":{"rendered":"<p><a href=\"http:\/\/www.accomplir.asso.fr\/accomplir\/wp-content\/uploads\/2015\/01\/ordures.jpg\"><img loading=\"lazy\" src=\"http:\/\/www.accomplir.asso.fr\/accomplir\/wp-content\/uploads\/2015\/01\/ordures-300x244.jpg\" alt=\"ordures\" width=\"300\" height=\"244\" class=\"alignleft\"><\/a>La propret\u00e9 de nos quartiers est l'affaire de chacun. Nous habitons dans deux arrondissements dans lesquels des dizaines de milliers de personnes passent chaque jour. Cette surfr\u00e9quentation et les incivilit\u00e9s des uns et des autres ont pour cons\u00e9quence des probl\u00e8mes de salet\u00e9 accrus. Les mairies d'arrondissement font actuellement le recensement de toutes les \"zones sensibles\".<br \/>\nEn cliquant sur les liens vous pourrez consulter les cartes correspondant \u00e0 nos quartiers :<br \/>\n- <a href=\"http:\/\/www.accomplir.asso.fr\/accomplir\/wp-content\/uploads\/2015\/01\/points_noirs_proprete_halles.pdf\" target=\"_blank\">les Halles<\/a><br \/>\n- <a href=\"http:\/\/www.accomplir.asso.fr\/accomplir\/wp-content\/uploads\/2015\/01\/points_noirs_proprete_saintgermain_auxerrois.pdf\" target=\"_blank\">Saint-Germain l'Auxerrois<\/a><br \/>\n- <a href=\"http:\/\/www.accomplir.asso.fr\/accomplir\/wp-content\/uploads\/2015\/01\/points_noirs_proprete_montorgueil_stdenis.pdf\" target=\"_blank\">Montorgueil Saint-Denis<\/a><br \/>\nN'h\u00e9sitez pas \u00e0 nous faire savoir si des zones sensibles ont \u00e9t\u00e9 oubli\u00e9es et de d\u00e9crire le probl\u00e8me rencontr\u00e9.<br \/>\nMerci d'avance. Notre cadre de vie en sera grandement am\u00e9lior\u00e9.<\/p>\n","protected":false},"excerpt":{"rendered":"<p>La propret\u00e9 de nos quartiers est l'affaire de chacun. Nous habitons dans deux arrondissements dans lesquels des dizaines de milliers de personnes passent chaque jour. Cette surfr\u00e9quentation et les incivilit\u00e9s des uns et des autres ont pour cons\u00e9quence des probl\u00e8mes de salet\u00e9 accrus. Les mairies d'arrondissement font actuellement le recensement de toutes les \"zones sensibles\". &hellip; <a href=\"http:\/\/www.accomplir.asso.fr\/accomplir\/?p=2061\" class=\"more-link\">Continuer la lecture de <span class=\"screen-reader-text\">La propret\u00e9 : l'affaire de tous<\/span>  <span class=\"meta-nav\">&rarr;<\/span><\/a><\/p>\n","protected":false},"author":4,"featured_media":0,"comment_status":"open","ping_status":"open","sticky":false,"template":"","format":"standard","meta":[],"categories":[5],"tags":[],"_links":{"self":[{"href":"http:\/\/www.accomplir.asso.fr\/accomplir\/index.php?rest_route=\/wp\/v2\/posts\/2061"}],"collection":[{"href":"http:\/\/www.accomplir.asso.fr\/accomplir\/index.php?rest_route=\/wp\/v2\/posts"}],"about":[{"href":"http:\/\/www.accomplir.asso.fr\/accomplir\/index.php?rest_route=\/wp\/v2\/types\/post"}],"author":[{"embeddable":true,"href":"http:\/\/www.accomplir.asso.fr\/accomplir\/index.php?rest_route=\/wp\/v2\/users\/4"}],"replies":[{"embeddable":true,"href":"http:\/\/www.accomplir.asso.fr\/accomplir\/index.php?rest_route=%2Fwp%2Fv2%2Fcomments&post=2061"}],"version-history":[{"count":3,"href":"http:\/\/www.accomplir.asso.fr\/accomplir\/index.php?rest_route=\/wp\/v2\/posts\/2061\/revisions"}],"predecessor-version":[{"id":2168,"href":"http:\/\/www.accomplir.asso.fr\/accomplir\/index.php?rest_route=\/wp\/v2\/posts\/2061\/revisions\/2168"}],"wp:attachment":[{"href":"http:\/\/www.accomplir.asso.fr\/accomplir\/index.php?rest_route=%2Fwp%2Fv2%2Fmedia&parent=2061"}],"wp:term":[{"taxonomy":"category","embeddable":true,"href":"http:\/\/www.accomplir.asso.fr\/accomplir\/index.php?rest_route=%2Fwp%2Fv2%2Fcategories&post=2061"},{"taxonomy":"post_tag","embeddable":true,"href":"http:\/\/www.accomplir.asso.fr\/accomplir\/index.php?rest_route=%2Fwp%2Fv2%2Ftags&post=2061"}],"curies":[{"name":"wp","href":"https:\/\/api.w.org\/{rel}","templated":true}]}}