{"id":2047,"date":"2015-01-05T16:49:12","date_gmt":"2015-01-05T15:49:12","guid":{"rendered":"http:\/\/www.accomplir.asso.fr\/accomplir\/?p=2047"},"modified":"2015-01-08T09:26:59","modified_gmt":"2015-01-08T08:26:59","slug":"samaritaine-victoire-totale-pour-les-associations","status":"publish","type":"post","link":"http:\/\/www.accomplir.asso.fr\/accomplir\/?p=2047","title":{"rendered":"Samaritaine : victoire en appel pour les associations"},"content":{"rendered":"<p><a href=\"http:\/\/www.collectif-samaritaine.fr\/wp-content\/uploads\/2015\/01\/samar-destruction.jpg\"><img loading=\"lazy\" src=\"http:\/\/www.collectif-samaritaine.fr\/wp-content\/uploads\/2015\/01\/samar-destruction-300x174.jpg\" alt=\"samar-destruction\" width=\"300\" height=\"174\" class=\"alignleft\"><\/a>La cour administrative d\u2019appel de Paris a rejet\u00e9 le 5 janvier les requ\u00eates visant \u00e0 l\u2019annulation du jugement du 13 mai dernier, par lequel le tribunal administratif de Paris avait donn\u00e9 raison aux associations contre LVMH et la Ville de Paris. <strong>Le projet de SANAA tel qu\u2019il avait \u00e9t\u00e9 d\u00e9cid\u00e9 est donc contraire au PLU<\/strong> (Plan Local d'Urbanisme) et n\u2019aurait donc jamais d\u00fb \u00eatre accept\u00e9 par la ville et par le minist\u00e8re de la Culture. <a href=\"http:\/\/www.collectif-samaritaine.fr\/wp-content\/uploads\/2014\/05\/2015-01-05_arret_14pa02697.pdf\" target=\"_blank\">L'arr\u00eat de la Cour Administrative d'Appel de Paris<\/a>, comme le pr\u00e9c\u00e9dent, n'est en rien bas\u00e9 sur des crit\u00e8res subjectifs mais sur les exigences du PLU. Lire <a href=\"http:\/\/www.collectif-samaritaine.fr\/wp-content\/uploads\/2014\/05\/2015-01-05_atys_analyse.pdf\" target=\"_blank\">l'analyse du jugement<\/a> faite par Atsys, cabinet d'avocats. Lire \u00e9galement <a href=\"http:\/\/www.collectif-samaritaine.fr\/wp-content\/uploads\/2015\/01\/2015-01-07_communique_cour_appel.pdf\" target=\"_blank\">le communiqu\u00e9 de presse de la Cour Administrative d'Appel de Paris<\/a>.<br \/>\nL'association Accomplir, membre du <a href=\"http:\/\/www.collectif-samaritaine.fr\" target=\"_blank\">Collectif Samaritaine<\/a>, se r\u00e9jouit de cette d\u00e9cision de justice.<br \/>\nLa Samaritaine et la Ville de Paris devront proposer, enfin, un projet respectant l\u2019unit\u00e9 de ce quartier parisien.<br \/>\nLVMH et la Ville de Paris ont d\u00e9cid\u00e9 de se pourvoir en cassation devant le Conseil d'Etat.<\/p>\n<p>Lire l'article de Didier Rykner paru sur le site de la Tribune de l'Art et tr\u00e8s justement intitul\u00e9 : <a href=\"http:\/\/www.accomplir.asso.fr\/accomplir\/wp-content\/uploads\/2015\/01\/2014-01-05_tribune_art_victoire_associations1.pdf\" target=\"_blank\">Samaritaine : victoire totale des associations<\/a>. Voir aussi <a href=\"http:\/\/www.collectif-samaritaine.fr\/presse\/\" title=\"Presse\">la revue de presse<\/a> sur le site du Collectif Samaritaine.<\/p>\n","protected":false},"excerpt":{"rendered":"<p>La cour administrative d\u2019appel de Paris a rejet\u00e9 le 5 janvier les requ\u00eates visant \u00e0 l\u2019annulation du jugement du 13 mai dernier, par lequel le tribunal administratif de Paris avait donn\u00e9 raison aux associations contre LVMH et la Ville de Paris. Le projet de SANAA tel qu\u2019il avait \u00e9t\u00e9 d\u00e9cid\u00e9 est donc contraire au PLU &hellip; <a href=\"http:\/\/www.accomplir.asso.fr\/accomplir\/?p=2047\" class=\"more-link\">Continuer la lecture de <span class=\"screen-reader-text\">Samaritaine : victoire en appel pour les associations<\/span>  <span class=\"meta-nav\">&rarr;<\/span><\/a><\/p>\n","protected":false},"author":4,"featured_media":0,"comment_status":"open","ping_status":"open","sticky":false,"template":"","format":"standard","meta":[],"categories":[5],"tags":[],"_links":{"self":[{"href":"http:\/\/www.accomplir.asso.fr\/accomplir\/index.php?rest_route=\/wp\/v2\/posts\/2047"}],"collection":[{"href":"http:\/\/www.accomplir.asso.fr\/accomplir\/index.php?rest_route=\/wp\/v2\/posts"}],"about":[{"href":"http:\/\/www.accomplir.asso.fr\/accomplir\/index.php?rest_route=\/wp\/v2\/types\/post"}],"author":[{"embeddable":true,"href":"http:\/\/www.accomplir.asso.fr\/accomplir\/index.php?rest_route=\/wp\/v2\/users\/4"}],"replies":[{"embeddable":true,"href":"http:\/\/www.accomplir.asso.fr\/accomplir\/index.php?rest_route=%2Fwp%2Fv2%2Fcomments&post=2047"}],"version-history":[{"count":11,"href":"http:\/\/www.accomplir.asso.fr\/accomplir\/index.php?rest_route=\/wp\/v2\/posts\/2047\/revisions"}],"predecessor-version":[{"id":2070,"href":"http:\/\/www.accomplir.asso.fr\/accomplir\/index.php?rest_route=\/wp\/v2\/posts\/2047\/revisions\/2070"}],"wp:attachment":[{"href":"http:\/\/www.accomplir.asso.fr\/accomplir\/index.php?rest_route=%2Fwp%2Fv2%2Fmedia&parent=2047"}],"wp:term":[{"taxonomy":"category","embeddable":true,"href":"http:\/\/www.accomplir.asso.fr\/accomplir\/index.php?rest_route=%2Fwp%2Fv2%2Fcategories&post=2047"},{"taxonomy":"post_tag","embeddable":true,"href":"http:\/\/www.accomplir.asso.fr\/accomplir\/index.php?rest_route=%2Fwp%2Fv2%2Ftags&post=2047"}],"curies":[{"name":"wp","href":"https:\/\/api.w.org\/{rel}","templated":true}]}}