{"id":1999,"date":"2014-12-22T15:45:45","date_gmt":"2014-12-22T13:45:45","guid":{"rendered":"http:\/\/www.accomplir.asso.fr\/accomplir\/?p=1999"},"modified":"2015-05-02T23:27:37","modified_gmt":"2015-05-02T21:27:37","slug":"offrez-les-halles-pour-noel","status":"publish","type":"post","link":"http:\/\/www.accomplir.asso.fr\/accomplir\/?p=1999","title":{"rendered":"Offrez (vous) les Halles"},"content":{"rendered":"<p>Quelques ouvrages remarquables sur le quartier des Halles. Certains livres sont \u00e9puis\u00e9s mais on peut les trouver en cherchant sur internet. Vous pouvez aussi <a href=\"mailto:contact@accomplir.asso.fr?subject=Livres sur les Halles\">nous adresser un message<\/a> : nous vous communiquerons l'adresse d'un vendeur de livres anciens qui se trouve dans le quartier.<\/p>\n<table>\n<tr>\n<td text-align=\"center\" width=33%\"><a href=\"http:\/\/www.accomplir.asso.fr\/accomplir\/wp-content\/uploads\/2014\/12\/ventres_paris.jpeg\"><img loading=\"lazy\" src=\"http:\/\/www.accomplir.asso.fr\/accomplir\/wp-content\/uploads\/2014\/12\/ventres_paris.jpeg\" alt=\"ventres_paris\" width=\"200\" height=\"250\" class=\"aligncenter\" \/><\/a><br \/>\n<strong>Les Ventres de Paris<\/strong><br \/>\nGuy Chemla<br \/>\nGl\u00e9nat (1994)<br \/>\n<em>L'histoire du plus grand march\u00e9 du monde : des Halles du 13\u00e8me si\u00e8cle \u00e0 Rungis<\/em><\/td>\n<td text-align=\"center\" width=33%\"><a href=\"http:\/\/www.accomplir.asso.fr\/accomplir\/wp-content\/uploads\/2014\/12\/richesses_quartier_halles.jpg\"><img loading=\"lazy\" src=\"http:\/\/www.accomplir.asso.fr\/accomplir\/wp-content\/uploads\/2014\/12\/richesses_quartier_halles.jpg\" alt=\"richesses_quartier_halles\" width=\"200\" height=\"200\" class=\"aligncenter\"><\/a><br \/>\n<strong>Richesses d'art du quartier des Halles, maison par maison<\/strong><br \/>\nJ.P. Babelon, M. Fleury, J. de Sacy<br \/>\nArts et M\u00e9tiers Graphiques, Flammarion (1967)<br \/>\n<em>Un inventaire architectural de tous les immeubles historiques du quartier, rue par rue<\/em><\/td>\n<td text-align=\"center\" width=33%\"><a href=\"http:\/\/www.accomplir.asso.fr\/accomplir\/wp-content\/uploads\/2014\/12\/paris_projet.jpg\"><img loading=\"lazy\" src=\"http:\/\/www.accomplir.asso.fr\/accomplir\/wp-content\/uploads\/2014\/12\/paris_projet-224x300.jpg\" alt=\"paris_projet\" width=\"200\" height=\"264\" class=\"aligncenter\"><\/a><br \/>\n<strong>Paris Projet n\u00b025-26 : les Halles, ach\u00e8vement d'un projet<\/strong><br \/>\nRevue de l'Atelier Parisien d'Urbanisme (APUR) (1985)<br \/>\n<em>L'op\u00e9ration d'am\u00e9nagement des Halles de 1967 \u00e0 1985<\/em><\/td>\n<\/tr>\n<tr>\n<td text-align=\"center\"><a href=\"http:\/\/www.accomplir.asso.fr\/accomplir\/wp-content\/uploads\/2014\/12\/halles_desacy.jpeg\"><img loading=\"lazy\" src=\"http:\/\/www.accomplir.asso.fr\/accomplir\/wp-content\/uploads\/2014\/12\/halles_desacy.jpeg\" alt=\"halles_desacy\" width=\"200\" height=\"270\" class=\"aligncenter\"><\/a><br \/>\n<strong>Le quartier des Halles<\/strong><br \/>\nJacques de Sacy<br \/>\nLe Temps (1970)<br \/>\n<em>Une histoire d\u00e9taill\u00e9e et illustr\u00e9e du quartier rue par rue<\/em><\/td>\n<td text-align=\"center\"><a href=\"http:\/\/www.accomplir.asso.fr\/accomplir\/wp-content\/uploads\/2014\/12\/souviens_halles.jpeg\"><img loading=\"lazy\" src=\"http:\/\/www.accomplir.asso.fr\/accomplir\/wp-content\/uploads\/2014\/12\/souviens_halles.jpeg\" alt=\"souviens_halles\" width=\"200\" height=\"200\" class=\"aligncenter\"><\/a><br \/>\n<strong>Je me souviens des Halles<\/strong><br \/>\nJosette Colin<br \/>\nParigramme (1998)<br \/>\n<em>Les m\u00e9tiers et les travailleurs des Halles : portraits illustr\u00e9s<\/em><\/td>\n<td text-align=\"center\"><a href=\"http:\/\/www.accomplir.asso.fr\/accomplir\/wp-content\/uploads\/2014\/12\/doisneau_halles.jpeg\"><img loading=\"lazy\" src=\"http:\/\/www.accomplir.asso.fr\/accomplir\/wp-content\/uploads\/2014\/12\/doisneau_halles.jpeg\" alt=\"doisneau_halles\" width=\"200\" height=\"200\" class=\"aligncenter\"><\/a><br \/>\n<strong>Paris Les Halles<\/strong><br \/>\nRobert Doisneau<br \/>\nFlammarion (2011)<br \/>\n<em>La catalogue de l'exposition qui s'est tenue \u00e0 l'H\u00f4tel de Ville<\/em><\/td>\n<\/tr>\n<tr>\n<td text-align=\"center\"><a href=\"http:\/\/www.accomplir.asso.fr\/accomplir\/wp-content\/uploads\/2014\/12\/carroll_halles.jpeg\"><img loading=\"lazy\" src=\"http:\/\/www.accomplir.asso.fr\/accomplir\/wp-content\/uploads\/2014\/12\/carroll_halles.jpeg\" alt=\"carroll_halles\" width=\"200\" height=\"252\" class=\"aligncenter\"><\/a><br \/>\n<strong>Les Halles : une am\u00e9ricaine \u00e0 Paris<\/strong><br \/>\nMartha Carroll<br \/>\nParimagine (nouvelle publication en 2013)<br \/>\n<em>Les Halles en 1968 photographi\u00e9es par une am\u00e9ricaine<\/em><\/td>\n<td text-align=\"center\"><a href=\"http:\/\/www.accomplir.asso.fr\/accomplir\/wp-content\/uploads\/2014\/12\/baltard_halles.jpeg\"><img loading=\"lazy\" src=\"http:\/\/www.accomplir.asso.fr\/accomplir\/wp-content\/uploads\/2014\/12\/baltard_halles-210x300.jpeg\" alt=\"baltard_halles\" width=\"200\" height=\"300\" class=\"aligncenter\"><\/a><br \/>\n<strong>Baltard : les Halles 1853-1973<\/strong><br \/>\nPatrick de Moncan, Maxime Du Camp<br \/>\nLes \u00e9ditions du m\u00e9c\u00e8ne (2010)<br \/>\n<em>La construction des Halles de Baltard et la vie des Halles de 1852 \u00e0 1969<\/em><\/td>\n<td text-align=\"center\"><a href=\"http:\/\/www.accomplir.asso.fr\/accomplir\/wp-content\/uploads\/2014\/12\/pari_halles.jpg\"><img loading=\"lazy\" src=\"http:\/\/www.accomplir.asso.fr\/accomplir\/wp-content\/uploads\/2014\/12\/pari_halles-203x300.jpg\" alt=\"pari_halles\" width=\"200\" height=\"300\" class=\"aligncenter\"><\/a><br \/>\n<strong>Le pari des Halles de Paris<\/strong><br \/>\nFran\u00e7ois Serrand<br \/>\nAubin \u00e9diteur (2001)<br \/>\n<em>La \"bataille des Halles\" des ann\u00e9es soixante et soixante-dix telle que l'ont v\u00e9cue les associations dont Accomplir est l'h\u00e9riti\u00e8re<\/em><\/td>\n<\/tr>\n<tr>\n<td text-align=\"center\"><a href=\"http:\/\/www.accomplir.asso.fr\/accomplir\/wp-content\/uploads\/2014\/12\/vie_secrete_halles.jpeg\"><img loading=\"lazy\" src=\"http:\/\/www.accomplir.asso.fr\/accomplir\/wp-content\/uploads\/2014\/12\/vie_secrete_halles-218x300.jpeg\" alt=\"vie_secrete_halles\" width=\"200\" height=\"291\" class=\"aligncenter\"><\/a><br \/>\n<strong>La vie secr\u00e8te des Halles<\/strong><br \/>\nPhilippe Mellot<br \/>\nomnibus (2010)<br \/>\n<em>Des anecdotes illustr\u00e9es et accompagn\u00e9es de textes de Balzac, Zola, Dumas...<\/em><\/td>\n<td text-align=\"center\"><a href=\"http:\/\/www.accomplir.asso.fr\/accomplir\/wp-content\/uploads\/2014\/12\/vie_histoire_1er.jpg\"><img loading=\"lazy\" src=\"http:\/\/www.accomplir.asso.fr\/accomplir\/wp-content\/uploads\/2014\/12\/vie_histoire_1er-236x300.jpg\" alt=\"vie_histoire_1er\" width=\"200\" height=\"264\" class=\"aligncenter\"><\/a><br \/>\n<strong>Vie et histoire du 1er arrondissement<\/strong><br \/>\nOuvrage collectif<br \/>\nEditions Hervas (1991)<br \/>\n<em>La riche histoire du 1er arrondissement<\/em>\n<\/td>\n<td text-align=\"center\"><a href=\"http:\/\/www.accomplir.asso.fr\/accomplir\/wp-content\/uploads\/2014\/12\/village_montorgueil.jpg\"><img loading=\"lazy\" src=\"http:\/\/www.accomplir.asso.fr\/accomplir\/wp-content\/uploads\/2014\/12\/village_montorgueil-276x300.jpg\" alt=\"village_montorgueil\" width=\"200\" height=\"216\" class=\"aligncenter\"><\/a><br \/>\n<strong>Le village Montorgueil<\/strong><br \/>\nArthur Gerbault<br \/>\nCatalogue d'une exposition \u00e0 l'Espace Montorgueil (1990)<br \/>\n<em>Superbes portraits des habitants et commer\u00e7ants de la rue Montorgueil<\/em><\/td>\n<\/tr>\n<tr>\n<td text-align=\"center\"><a href=\"http:\/\/www.accomplir.asso.fr\/accomplir\/wp-content\/uploads\/2014\/12\/baltard_architecte_paris.jpeg\"><img loading=\"lazy\" src=\"http:\/\/www.accomplir.asso.fr\/accomplir\/wp-content\/uploads\/2014\/12\/baltard_architecte_paris.jpeg\" alt=\"baltard_architecte_paris\" width=\"200\" height=\"291\" class=\"aligncenter size-full wp-image-2041\" \/><\/a><br \/>\n<strong>Baltard, architecte de Paris<\/strong><br \/>\nAlice Thomine-Berrad<br \/>\nGallimard (2012)<br \/>\n<em>Architecte officiel de la ville de Paris de 1841 \u00e0 1870, Baltard fut un des principaux contributeurs du Nouveau Paris<\/em>\n<\/td>\n<td text-align=\"center\"><a href=\"http:\/\/www.accomplir.asso.fr\/accomplir\/wp-content\/uploads\/2014\/12\/halles_quartier.jpeg\"><img loading=\"lazy\" src=\"http:\/\/www.accomplir.asso.fr\/accomplir\/wp-content\/uploads\/2014\/12\/halles_quartier-196x300.jpeg\" alt=\"halles_quartier\" width=\"196\" height=\"300\" class=\"aligncenter size-medium wp-image-2042\" srcset=\"http:\/\/www.accomplir.asso.fr\/accomplir\/wp-content\/uploads\/2014\/12\/halles_quartier-196x300.jpeg 196w, http:\/\/www.accomplir.asso.fr\/accomplir\/wp-content\/uploads\/2014\/12\/halles_quartier.jpeg 200w\" sizes=\"(max-width: 196px) 100vw, 196px\" \/><\/a><br \/>\n<strong>Les Halles de Paris et leur quartier (1137-1969)<\/strong><br \/>\nAnne Lombard-Jourdan<br \/>\nEtudes et rencontres de l'Ecole des Chartes (2010)<br \/>\n<em>Les Halles de Paris depuis leurs origines jusqu'en 1969<\/em>\n<\/td>\n<td text-align=\"center\"><a href=\"http:\/\/www.accomplir.asso.fr\/accomplir\/wp-content\/uploads\/2014\/12\/halles_metiers.jpeg\"><img loading=\"lazy\" src=\"http:\/\/www.accomplir.asso.fr\/accomplir\/wp-content\/uploads\/2014\/12\/halles_metiers.jpeg\" alt=\"halles_metiers\" width=\"200\" height=\"277\" class=\"aligncenter size-full wp-image-2043\" \/><\/a><br \/>\n<strong>Les Halles de Baltard : M\u00e9tiers du jour et de la nuit Broch\u00e9<\/strong><br \/>\nCharlotte Lacour-Veyranne, Val\u00e9ry Jobb\u00e9-Duval<br \/>\nParis Mus\u00e9es (2013)<br \/>\n<em>Les petits m\u00e9tiers des Halles : gravures, dessins et photographies appartenant aux collections du mus\u00e9e Carnavalet<\/em>\n<\/td>\n<\/tr>\n<\/table>\n","protected":false},"excerpt":{"rendered":"<p>Quelques ouvrages remarquables sur le quartier des Halles. Certains livres sont \u00e9puis\u00e9s mais on peut les trouver en cherchant sur internet. Vous pouvez aussi nous adresser un message : nous vous communiquerons l'adresse d'un vendeur de livres anciens qui se trouve dans le quartier. Richesses d'art du quartier des Halles, maison par maison J.P. Babelon, &hellip; <a href=\"http:\/\/www.accomplir.asso.fr\/accomplir\/?p=1999\" class=\"more-link\">Continuer la lecture de <span class=\"screen-reader-text\">Offrez (vous) les Halles<\/span>  <span class=\"meta-nav\">&rarr;<\/span><\/a><\/p>\n","protected":false},"author":4,"featured_media":0,"comment_status":"open","ping_status":"open","sticky":false,"template":"","format":"standard","meta":[],"categories":[5],"tags":[],"_links":{"self":[{"href":"http:\/\/www.accomplir.asso.fr\/accomplir\/index.php?rest_route=\/wp\/v2\/posts\/1999"}],"collection":[{"href":"http:\/\/www.accomplir.asso.fr\/accomplir\/index.php?rest_route=\/wp\/v2\/posts"}],"about":[{"href":"http:\/\/www.accomplir.asso.fr\/accomplir\/index.php?rest_route=\/wp\/v2\/types\/post"}],"author":[{"embeddable":true,"href":"http:\/\/www.accomplir.asso.fr\/accomplir\/index.php?rest_route=\/wp\/v2\/users\/4"}],"replies":[{"embeddable":true,"href":"http:\/\/www.accomplir.asso.fr\/accomplir\/index.php?rest_route=%2Fwp%2Fv2%2Fcomments&post=1999"}],"version-history":[{"count":30,"href":"http:\/\/www.accomplir.asso.fr\/accomplir\/index.php?rest_route=\/wp\/v2\/posts\/1999\/revisions"}],"predecessor-version":[{"id":2046,"href":"http:\/\/www.accomplir.asso.fr\/accomplir\/index.php?rest_route=\/wp\/v2\/posts\/1999\/revisions\/2046"}],"wp:attachment":[{"href":"http:\/\/www.accomplir.asso.fr\/accomplir\/index.php?rest_route=%2Fwp%2Fv2%2Fmedia&parent=1999"}],"wp:term":[{"taxonomy":"category","embeddable":true,"href":"http:\/\/www.accomplir.asso.fr\/accomplir\/index.php?rest_route=%2Fwp%2Fv2%2Fcategories&post=1999"},{"taxonomy":"post_tag","embeddable":true,"href":"http:\/\/www.accomplir.asso.fr\/accomplir\/index.php?rest_route=%2Fwp%2Fv2%2Ftags&post=1999"}],"curies":[{"name":"wp","href":"https:\/\/api.w.org\/{rel}","templated":true}]}}