{"id":1925,"date":"2014-11-21T10:43:24","date_gmt":"2014-11-21T09:43:24","guid":{"rendered":"http:\/\/www.accomplir.asso.fr\/accomplir\/?p=1925"},"modified":"2015-01-19T10:10:24","modified_gmt":"2015-01-19T09:10:24","slug":"premiere-reunion-du-comite-de-suivi-bagagerie","status":"publish","type":"post","link":"http:\/\/www.accomplir.asso.fr\/accomplir\/?p=1925","title":{"rendered":"Premi\u00e8re r\u00e9union du comit\u00e9 de suivi \"bagagerie\""},"content":{"rendered":"<p><a href=\"http:\/\/www.accomplir.asso.fr\/accomplir\/wp-content\/uploads\/2014\/11\/bagagerie.png\"><img loading=\"lazy\" class=\"alignleft size-medium wp-image-1926\" src=\"http:\/\/www.accomplir.asso.fr\/accomplir\/wp-content\/uploads\/2014\/11\/bagagerie-300x147.png\" alt=\"bagagerie\" width=\"300\" height=\"147\" srcset=\"http:\/\/www.accomplir.asso.fr\/accomplir\/wp-content\/uploads\/2014\/11\/bagagerie-300x147.png 300w, http:\/\/www.accomplir.asso.fr\/accomplir\/wp-content\/uploads\/2014\/11\/bagagerie-1024x502.png 1024w, http:\/\/www.accomplir.asso.fr\/accomplir\/wp-content\/uploads\/2014\/11\/bagagerie.png 1332w\" sizes=\"(max-width: 300px) 100vw, 300px\" \/><\/a>Depuis mars 2007, la <a href=\"http:\/\/www.mainslibres.asso.fr\" target=\"_blank\">bagagerie Mains libres<\/a> permet \u00e0 une cinquantaine de SDF du quartier des Halles de stocker leurs affaires en s\u00e9curit\u00e9 le matin et de les r\u00e9cup\u00e9rer le soir. Elle a inaugur\u00e9 le 7 novembre ses nouveaux locaux au 15 rue Jean Lantier (1er).<br \/>\nLa premi\u00e8re r\u00e9union du comit\u00e9 de suivi \"bagagerie\" s'est tenue le 19 novembre \u00e0 la mairie du 1er arrondissement dans une salle des mariages. Cette r\u00e9union \u00e9tait pr\u00e9sid\u00e9e par M. Jean-Fran\u00e7ois Legaret, maire du 1er arrondissement. A la tribune si\u00e9geaient des repr\u00e9sentants des services de la police, de la propret\u00e9 ainsi que des adjoints au maire.<br \/>\nPlus d'une douzaine de membres de l'association Mains Libres \u00e9taient dans la salle ainsi que partenaires associatifs (Emma\u00fcs, la Soupe, Aux Captifs la Lib\u00e9ration).<!--more--><\/p>\n<p>203 personnes du quartier Saint-Germain l'Auxerrois ont sign\u00e9 une p\u00e9tition pour attirer l'attention de la mairie sur des dysfonctionnements constat\u00e9s rue Jean Lantier et alentour.<br \/>\nDe tr\u00e8s nombreuses personnes ont pris la parole et la r\u00e9union a dur\u00e9 plus de deux heures. Les riverains ont exprim\u00e9 leurs griefs : des gens compl\u00e8tement alcoolis\u00e9s, agressifs, qui stagnent toute la journ\u00e9e ou la nuit, qui font peur aux enfants et m\u00eame aux adultes, du trafic de drogue rue des Deux Boules, des salet\u00e9s partout, des m\u00e9gots, des \u00e9panchements d'urine et d\u00e9f\u00e9cations, des gens qui parlent fort, qui crient la nuit, etc\u2026 D'autres riverains ont soulign\u00e9 que ce n'\u00e9taient pas forc\u00e9ment les usagers de la bagagerie qui causaient ces nuisances.<br \/>\nLa repr\u00e9sentante de Mains Libres a pris acte des r\u00e9criminations des riverains, tout en soulignant que les SDF qui \u00e9taient fix\u00e9s \u00e0 diff\u00e9rents points du quartier Saint-Germain l'Auxerrois n'\u00e9taient pas usagers de la bagagerie.<\/p>\n<p>A l'issue de cette r\u00e9union, des d\u00e9cisions ont \u00e9t\u00e9 prises :<br \/>\n- organisation d'une journ\u00e9e \"portes ouvertes\" pour permettre aux habitants du quartier de visiter la bagagerie et d'en comprendre son fonctionnement et son utilit\u00e9<br \/>\n- pas d'attroupements, pas de conversations \u00e0 voix haute devant la bagagerie<br \/>\n- r\u00e9union r\u00e9guli\u00e8re du comit\u00e9 de suivi : la prochaine est annonc\u00e9e pour janvier 2015<\/p>\n<p><a href=\"http:\/\/www.accomplir.asso.fr\/accomplir\/wp-content\/uploads\/2014\/11\/2014-09-14_franceinter.mp3\" target=\"_blank\">La bagagerie Mains Libres expliqu\u00e9e par Ghislaine Bouayad<\/a> - France Inter, 14 septembre 2014.<br \/>\n<a href=\"http:\/\/www.accomplir.asso.fr\/accomplir\/wp-content\/uploads\/2014\/11\/2014-11-14_parisien.pdf\" target=\"_blank\">Aux Halles, les SDF laissent leurs affaires l'esprit tranquille<\/a> - Le Parisien, 14 novembre 2014<\/p>\n","protected":false},"excerpt":{"rendered":"<p>Depuis mars 2007, la bagagerie Mains libres permet \u00e0 une cinquantaine de SDF du quartier des Halles de stocker leurs affaires en s\u00e9curit\u00e9 le matin et de les r\u00e9cup\u00e9rer le soir. Elle a inaugur\u00e9 le 7 novembre ses nouveaux locaux au 15 rue Jean Lantier (1er). La premi\u00e8re r\u00e9union du comit\u00e9 de suivi \"bagagerie\" s'est &hellip; <a href=\"http:\/\/www.accomplir.asso.fr\/accomplir\/?p=1925\" class=\"more-link\">Continuer la lecture de <span class=\"screen-reader-text\">Premi\u00e8re r\u00e9union du comit\u00e9 de suivi \"bagagerie\"<\/span>  <span class=\"meta-nav\">&rarr;<\/span><\/a><\/p>\n","protected":false},"author":3,"featured_media":0,"comment_status":"open","ping_status":"open","sticky":false,"template":"","format":"standard","meta":[],"categories":[5],"tags":[],"_links":{"self":[{"href":"http:\/\/www.accomplir.asso.fr\/accomplir\/index.php?rest_route=\/wp\/v2\/posts\/1925"}],"collection":[{"href":"http:\/\/www.accomplir.asso.fr\/accomplir\/index.php?rest_route=\/wp\/v2\/posts"}],"about":[{"href":"http:\/\/www.accomplir.asso.fr\/accomplir\/index.php?rest_route=\/wp\/v2\/types\/post"}],"author":[{"embeddable":true,"href":"http:\/\/www.accomplir.asso.fr\/accomplir\/index.php?rest_route=\/wp\/v2\/users\/3"}],"replies":[{"embeddable":true,"href":"http:\/\/www.accomplir.asso.fr\/accomplir\/index.php?rest_route=%2Fwp%2Fv2%2Fcomments&post=1925"}],"version-history":[{"count":9,"href":"http:\/\/www.accomplir.asso.fr\/accomplir\/index.php?rest_route=\/wp\/v2\/posts\/1925\/revisions"}],"predecessor-version":[{"id":2172,"href":"http:\/\/www.accomplir.asso.fr\/accomplir\/index.php?rest_route=\/wp\/v2\/posts\/1925\/revisions\/2172"}],"wp:attachment":[{"href":"http:\/\/www.accomplir.asso.fr\/accomplir\/index.php?rest_route=%2Fwp%2Fv2%2Fmedia&parent=1925"}],"wp:term":[{"taxonomy":"category","embeddable":true,"href":"http:\/\/www.accomplir.asso.fr\/accomplir\/index.php?rest_route=%2Fwp%2Fv2%2Fcategories&post=1925"},{"taxonomy":"post_tag","embeddable":true,"href":"http:\/\/www.accomplir.asso.fr\/accomplir\/index.php?rest_route=%2Fwp%2Fv2%2Ftags&post=1925"}],"curies":[{"name":"wp","href":"https:\/\/api.w.org\/{rel}","templated":true}]}}