{"id":1831,"date":"2014-11-07T12:11:00","date_gmt":"2014-11-07T11:11:00","guid":{"rendered":"http:\/\/www.accomplir.asso.fr\/accomplir\/?p=1831"},"modified":"2015-01-19T10:12:31","modified_gmt":"2015-01-19T09:12:31","slug":"le-reseau-vivre-paris-sinternationalise","status":"publish","type":"post","link":"http:\/\/www.accomplir.asso.fr\/accomplir\/?p=1831","title":{"rendered":"Le r\u00e9seau \u00ab Vivre Paris ! \u00bb s\u2019internationalise"},"content":{"rendered":"<p><a href=\"http:\/\/manoiquandosidorme.com\/\" target=\"_blank\"><img loading=\"lazy\" src=\"http:\/\/www.accomplir.asso.fr\/accomplir\/wp-content\/uploads\/2014\/11\/antimovida-300x188.png\" alt=\"antimovida\" width=\"300\" height=\"188\" class=\"alignright size-medium wp-image-1832\" srcset=\"http:\/\/www.accomplir.asso.fr\/accomplir\/wp-content\/uploads\/2014\/11\/antimovida-300x188.png 300w, http:\/\/www.accomplir.asso.fr\/accomplir\/wp-content\/uploads\/2014\/11\/antimovida.png 799w\" sizes=\"(max-width: 300px) 100vw, 300px\" \/><\/a>Accomplir est l\u2019une des associations fondatrices du <a href=\"http:\/\/www.vivre-paris.fr\/\" target=\"_blank\">R\u00e9seau Vivre Paris !<\/a>, cr\u00e9\u00e9 en d\u00e9cembre 2010. Le r\u00e9seau d\u00e9fend l\u2019espace public, en s\u2019opposant \u00e0 l\u2019extension excessive des terrasses de caf\u00e9s et restaurants et lutte contre les nuisances sonores nocturnes.<br \/>\nLe ph\u00e9nom\u00e8ne du \u00ab tapage nocturne festif \u00bb ne cesse de s\u2019\u00e9tendre dans tout Paris. Il touche notamment les quartiers Jean-Pierre Timbaud (11e), le Marais (4e), la Butte aux Cailles (13e), les Halles-Montorgueil (1er-2e), Belleville-M\u00e9nilmontant (20e), Pigalle (9e), le Parc de la Villette (19e), le canal Saint-Martin (10e), mais aussi des \u00ab micro-quartiers \u00bb comme les rues Princesse, Guisarde et Callot (6e), la rue de Lappe et la rue Daval (11e), la place du march\u00e9 Sainte-Catherine (4e), la rue des Martyrs et la place des Abbesses (9e), le passage Thi\u00e9r\u00e9, la rue des Taillandiers et la rue Keller (11e)\u2026<br \/>\nC\u2019est \u00e9galement un ph\u00e9nom\u00e8ne national et europ\u00e9en. Des associations se sont constitu\u00e9es \u00e0 <a href=\"https:\/\/www.facebook.com\/pages\/Calme-Gutenberg\/174883082696514\" target=\"_blank\">Strasbourg<\/a>, <a href=\"http:\/\/vivretoulouse.com\" target=\"_blank\">Toulouse<\/a>, <a href=\"http:\/\/lesruesdegraslin.blogspot.fr\" target=\"_blank\">Nantes<\/a> ou <a href=\"http:\/\/droitausommeil.blogspot.fr\" target=\"_blank\">Montpellier<\/a>, ainsi qu\u2019\u00e0 Barcelone, Berlin, Lisbonne, Rome, Gen\u00e8ve, etc. (voir <a href=\"http:\/\/www.vivre-paris.fr\/ailleurs\/\" target=\"_blank\">cette page<\/a>). Voir le site de la coordination nationale contre la vie nocturne sauvage en Italie : <a href=\"http:\/\/manoiquandosidorme.com\/\" target=\"_blank\">coordinamento nazionale antimovida selvaggia<\/a>.<br \/>\nLe r\u00e9seau \u00ab Vivre Paris ! \u00bb est en contact \u00e9troit avec diverses associations et un mouvement europ\u00e9en est en train de voir le jour. Les demandes port\u00e9es par ce mouvement sont simples : pour rester vivante, une ville doit \u00eatre un lieu o\u00f9 les gens peuvent dormir. Sans les Parisiens, les Romains et les Lisbo\u00e8tes, Paris, Rome et Lisbonne ne seraient plus de vraies villes, mais de simples d\u00e9cors de carte postale, des \u00ab villes mus\u00e9es \u00bb. \u2028La gestion responsable d\u2019une ville et le d\u00e9veloppement d\u2019un tourisme de qualit\u00e9 doivent int\u00e9grer la notion de respect des autres, de pr\u00e9servation de l\u2019environnement, de d\u00e9veloppement durable.<!--more--><\/p>\n<p>La principale r\u00e9ponse apport\u00e9e par l\u2019\u00e9quipe municipale de Bertrand Delano\u00eb aux demandes du r\u00e9seau \u00ab Vivre Paris ! \u00bb avait \u00e9t\u00e9 la mise en place des \u00ab <a href=\"http:\/\/www.lespierrotsdelanuit.org\/pages\/le-dispositif\/presentation.html\" target=\"_blank\">Pierrots de la nuit<\/a> \u00bb, des clowns-m\u00e9diateurs \u00e0 l\u2019efficacit\u00e9 discutable et dont le nombre est d\u00e9risoire par rapport aux nuisances.<br \/>\nAvec les autres membres du r\u00e9seau, nous avons d\u00e9cid\u00e9 de rencontrer les adjoints d\u2019Anne Hidalgo concern\u00e9s par ces questions.<br \/>\nNous tentons de leur faire comprendre que, face \u00e0 des comportements inciviques et irresponsables, la m\u00e9diation ne suffit pas et qu\u2019il faut mettre en place des mesures r\u00e9pressives, port\u00e9es non seulement par la police mais par la Ville de Paris elle-m\u00eame. Nous attendons de nos \u00e9lus un discours clair sur les deux questions suivantes : que faire pour que tous les Parisiens aient la possibilit\u00e9 de dormir la nuit ? Quelles mesures la Ville de Paris pr\u00e9voit-elle contre l\u2019alcoolisation massive et effrayante des jeunes, v\u00e9ritable probl\u00e8me de sant\u00e9 publique et principale cause des nuisances que nous endurons la nuit ?<\/p>\n","protected":false},"excerpt":{"rendered":"<p>Accomplir est l\u2019une des associations fondatrices du R\u00e9seau Vivre Paris !, cr\u00e9\u00e9 en d\u00e9cembre 2010. Le r\u00e9seau d\u00e9fend l\u2019espace public, en s\u2019opposant \u00e0 l\u2019extension excessive des terrasses de caf\u00e9s et restaurants et lutte contre les nuisances sonores nocturnes. Le ph\u00e9nom\u00e8ne du \u00ab tapage nocturne festif \u00bb ne cesse de s\u2019\u00e9tendre dans tout Paris. Il touche &hellip; <a href=\"http:\/\/www.accomplir.asso.fr\/accomplir\/?p=1831\" class=\"more-link\">Continuer la lecture de <span class=\"screen-reader-text\">Le r\u00e9seau \u00ab Vivre Paris ! \u00bb s\u2019internationalise<\/span>  <span class=\"meta-nav\">&rarr;<\/span><\/a><\/p>\n","protected":false},"author":4,"featured_media":0,"comment_status":"open","ping_status":"open","sticky":false,"template":"","format":"standard","meta":[],"categories":[5],"tags":[],"_links":{"self":[{"href":"http:\/\/www.accomplir.asso.fr\/accomplir\/index.php?rest_route=\/wp\/v2\/posts\/1831"}],"collection":[{"href":"http:\/\/www.accomplir.asso.fr\/accomplir\/index.php?rest_route=\/wp\/v2\/posts"}],"about":[{"href":"http:\/\/www.accomplir.asso.fr\/accomplir\/index.php?rest_route=\/wp\/v2\/types\/post"}],"author":[{"embeddable":true,"href":"http:\/\/www.accomplir.asso.fr\/accomplir\/index.php?rest_route=\/wp\/v2\/users\/4"}],"replies":[{"embeddable":true,"href":"http:\/\/www.accomplir.asso.fr\/accomplir\/index.php?rest_route=%2Fwp%2Fv2%2Fcomments&post=1831"}],"version-history":[{"count":6,"href":"http:\/\/www.accomplir.asso.fr\/accomplir\/index.php?rest_route=\/wp\/v2\/posts\/1831\/revisions"}],"predecessor-version":[{"id":2173,"href":"http:\/\/www.accomplir.asso.fr\/accomplir\/index.php?rest_route=\/wp\/v2\/posts\/1831\/revisions\/2173"}],"wp:attachment":[{"href":"http:\/\/www.accomplir.asso.fr\/accomplir\/index.php?rest_route=%2Fwp%2Fv2%2Fmedia&parent=1831"}],"wp:term":[{"taxonomy":"category","embeddable":true,"href":"http:\/\/www.accomplir.asso.fr\/accomplir\/index.php?rest_route=%2Fwp%2Fv2%2Fcategories&post=1831"},{"taxonomy":"post_tag","embeddable":true,"href":"http:\/\/www.accomplir.asso.fr\/accomplir\/index.php?rest_route=%2Fwp%2Fv2%2Ftags&post=1831"}],"curies":[{"name":"wp","href":"https:\/\/api.w.org\/{rel}","templated":true}]}}