{"id":1798,"date":"2014-12-07T12:04:11","date_gmt":"2014-12-07T11:04:11","guid":{"rendered":"http:\/\/www.accomplir.asso.fr\/accomplir\/?p=1798"},"modified":"2015-01-06T13:38:53","modified_gmt":"2015-01-06T12:38:53","slug":"la-peniche-restaurant-du-pont-neuf-jugee-trop-dangereuse","status":"publish","type":"post","link":"http:\/\/www.accomplir.asso.fr\/accomplir\/?p=1798","title":{"rendered":"La p\u00e9niche-restaurant du Pont-Neuf jug\u00e9e trop dangereuse"},"content":{"rendered":"<p><a href=\"http:\/\/www.accomplir.asso.fr\/accomplir\/wp-content\/uploads\/2014\/11\/peniche.jpg\"><img loading=\"lazy\" src=\"http:\/\/www.accomplir.asso.fr\/accomplir\/wp-content\/uploads\/2014\/11\/peniche-300x210.jpg\" alt=\"peniche\" width=\"300\" height=\"210\" class=\"alignright size-medium wp-image-1799\" srcset=\"http:\/\/www.accomplir.asso.fr\/accomplir\/wp-content\/uploads\/2014\/11\/peniche-300x210.jpg 300w, http:\/\/www.accomplir.asso.fr\/accomplir\/wp-content\/uploads\/2014\/11\/peniche.jpg 800w\" sizes=\"(max-width: 300px) 100vw, 300px\" \/><\/a>En d\u00e9cembre 2012, nous avions relay\u00e9 la col\u00e8re des riverains du quai de l\u2019Horloge qui, sans aucune concertation, avaient assist\u00e9 un beau matin \u00e0 l\u2019implantation par les Vedettes du Pont-Neuf d\u2019un nouveau ponton d\u2019amarrage sous leurs fen\u00eatres. Ils ont d\u00e9couvert qu\u2019\u00e0 la suite d\u2019un obscur appel d\u2019offres et d\u2019une convention d\u2019occupation d\u2019une dur\u00e9e de 23 ans accord\u00e9e par Ports de Paris aux Vedettes du Pont-Neuf, cette soci\u00e9t\u00e9 avait pr\u00e9vu d\u2019installer une p\u00e9niche-restaurant \u00e0 cet endroit. Aucune information ne leur avait \u00e9t\u00e9 donn\u00e9e alors m\u00eame que le maire du 1er, Jean-Fran\u00e7ois Legaret, \u00e9tait parfaitement au courant, d\u2019autant plus qu\u2019il si\u00e9geait au Conseil d\u2019administration de Ports de Paris.<br \/>\nLe journal Le Parisien vient de r\u00e9v\u00e9ler que cette p\u00e9niche-restaurant, amarr\u00e9e au Pont-Neuf depuis quelques semaines et pas encore ouverte, va devoir d\u00e9loger en raison des risques importants qu\u2019elle fait courir \u00e0 la navigation fluviale. Ports de Paris serait d\u00e9sormais \u00e0 la recherche d\u2019un nouvel emplacement.<br \/>\nComment une instance aussi officielle a-t-elle pu accorder une convention d\u2019occupation sans s\u2019assurer que l\u2019\u00e9tablissement ne g\u00eanerait pas la navigation ? Comment, dans ces conditions, le maire du 1er peut-il \u00eatre \u00ab favorable au projet \u00bb, comme l\u2019affirme Le Parisien dans son article : <a href=\"http:\/\/www.accomplir.asso.fr\/accomplir\/wp-content\/uploads\/2014\/11\/article-parisien-Vedettes.pdf\">la p\u00e9niche restaurant somm\u00e9e de lever l\u2019ancre<\/a> ?<br \/>\nVous pouvez \u00e9galement signer <a href=\"https:\/\/www.change.org\/p\/a-tous-les-amoureux-de-paris-le-minist\u00e8re-de-la-culture-l-unesco-la-pr\u00e9fecture-de-police-qu-ils-fassent-appliquer-les-lois-r\u00e8glementations-en-vigueur?utm_medium=email&utm_source=notification&utm_campaign=new_petition_recruit\" target=\"_blank\">la p\u00e9tition en ligne<\/a>.<\/p>\n","protected":false},"excerpt":{"rendered":"<p>En d\u00e9cembre 2012, nous avions relay\u00e9 la col\u00e8re des riverains du quai de l\u2019Horloge qui, sans aucune concertation, avaient assist\u00e9 un beau matin \u00e0 l\u2019implantation par les Vedettes du Pont-Neuf d\u2019un nouveau ponton d\u2019amarrage sous leurs fen\u00eatres. Ils ont d\u00e9couvert qu\u2019\u00e0 la suite d\u2019un obscur appel d\u2019offres et d\u2019une convention d\u2019occupation d\u2019une dur\u00e9e de 23 &hellip; <a href=\"http:\/\/www.accomplir.asso.fr\/accomplir\/?p=1798\" class=\"more-link\">Continuer la lecture de <span class=\"screen-reader-text\">La p\u00e9niche-restaurant du Pont-Neuf jug\u00e9e trop dangereuse<\/span>  <span class=\"meta-nav\">&rarr;<\/span><\/a><\/p>\n","protected":false},"author":4,"featured_media":0,"comment_status":"open","ping_status":"open","sticky":false,"template":"","format":"standard","meta":[],"categories":[5],"tags":[],"_links":{"self":[{"href":"http:\/\/www.accomplir.asso.fr\/accomplir\/index.php?rest_route=\/wp\/v2\/posts\/1798"}],"collection":[{"href":"http:\/\/www.accomplir.asso.fr\/accomplir\/index.php?rest_route=\/wp\/v2\/posts"}],"about":[{"href":"http:\/\/www.accomplir.asso.fr\/accomplir\/index.php?rest_route=\/wp\/v2\/types\/post"}],"author":[{"embeddable":true,"href":"http:\/\/www.accomplir.asso.fr\/accomplir\/index.php?rest_route=\/wp\/v2\/users\/4"}],"replies":[{"embeddable":true,"href":"http:\/\/www.accomplir.asso.fr\/accomplir\/index.php?rest_route=%2Fwp%2Fv2%2Fcomments&post=1798"}],"version-history":[{"count":4,"href":"http:\/\/www.accomplir.asso.fr\/accomplir\/index.php?rest_route=\/wp\/v2\/posts\/1798\/revisions"}],"predecessor-version":[{"id":1989,"href":"http:\/\/www.accomplir.asso.fr\/accomplir\/index.php?rest_route=\/wp\/v2\/posts\/1798\/revisions\/1989"}],"wp:attachment":[{"href":"http:\/\/www.accomplir.asso.fr\/accomplir\/index.php?rest_route=%2Fwp%2Fv2%2Fmedia&parent=1798"}],"wp:term":[{"taxonomy":"category","embeddable":true,"href":"http:\/\/www.accomplir.asso.fr\/accomplir\/index.php?rest_route=%2Fwp%2Fv2%2Fcategories&post=1798"},{"taxonomy":"post_tag","embeddable":true,"href":"http:\/\/www.accomplir.asso.fr\/accomplir\/index.php?rest_route=%2Fwp%2Fv2%2Ftags&post=1798"}],"curies":[{"name":"wp","href":"https:\/\/api.w.org\/{rel}","templated":true}]}}