{"id":1794,"date":"2014-12-02T19:17:57","date_gmt":"2014-12-02T18:17:57","guid":{"rendered":"http:\/\/www.accomplir.asso.fr\/accomplir\/?p=1794"},"modified":"2015-01-06T13:39:07","modified_gmt":"2015-01-06T12:39:07","slug":"restauration-de-la-fontaine-des-innocents","status":"publish","type":"post","link":"http:\/\/www.accomplir.asso.fr\/accomplir\/?p=1794","title":{"rendered":"Restauration de la Fontaine des Innocents"},"content":{"rendered":"<p><a href=\"http:\/\/www.accomplir.asso.fr\/accomplir\/wp-content\/uploads\/2014\/11\/fontaine-des-innocents.jpg\"><img loading=\"lazy\" src=\"http:\/\/www.accomplir.asso.fr\/accomplir\/wp-content\/uploads\/2014\/11\/fontaine-des-innocents-300x191.jpg\" alt=\"fontaine des innocents\" width=\"300\" height=\"191\" class=\"alignright size-medium wp-image-1795\" srcset=\"http:\/\/www.accomplir.asso.fr\/accomplir\/wp-content\/uploads\/2014\/11\/fontaine-des-innocents-300x191.jpg 300w, http:\/\/www.accomplir.asso.fr\/accomplir\/wp-content\/uploads\/2014\/11\/fontaine-des-innocents.jpg 490w\" sizes=\"(max-width: 300px) 100vw, 300px\" \/><\/a>En r\u00e9ponse \u00e0 la mobilisation du Conseil de quartier des Halles et de notre association, Nicolas Martin-Lalande, adjoint du maire du 1er, a pr\u00e9sent\u00e9 au conseil d\u2019arrondissement <a href=\"http:\/\/www.accomplir.asso.fr\/accomplir\/wp-content\/uploads\/2014\/11\/20141103_voeu_financement_innovant_sauvegarde_fontaine_Innocents.pdf\" target=\"_blank\">un v\u0153u concernant la restauration de la Fontaine des Innocents<\/a>, dont la d\u00e9gradation s\u2019acc\u00e9l\u00e8re de fa\u00e7on pr\u00e9occupante depuis plusieurs ann\u00e9es. Ce v\u0153u a \u00e9t\u00e9 vot\u00e9 \u00e0 l\u2019unanimit\u00e9 et sera soumis au prochain Conseil de Paris. Il propose que la restauration de la fontaine, dont le co\u00fbt a \u00e9t\u00e9 \u00e9valu\u00e9 il y a quelques ann\u00e9es \u00e0 3,5 M\u20ac, fasse l\u2019objet d\u2019un \u00ab mode de financement innovant \u00bb, en \u00ab recourant \u00e0 une souscription publique et\/ou au m\u00e9c\u00e9nat et\/ou \u00e0 la publicit\u00e9 ext\u00e9rieure \u00bb, ce qui \u00ab permettra d\u2019associer \u00e0 la conservation du patrimoine des Halles les habitants, les commer\u00e7ants, les entrepreneurs locaux, les touristes et toutes les personnes attach\u00e9es au site, chacun selon ses moyens, sans pour autant aggraver les charges du budget municipal \u00bb.<br \/>\n<strong>Le conseil d\u2019administration de notre association a d\u2019ores et d\u00e9j\u00e0 d\u00e9cid\u00e9 de consacrer 5 000\u20ac \u00e0 ce projet<\/strong>, qui nous tient \u00e9norm\u00e9ment \u00e0 c\u0153ur. Il serait bien triste que la fontaine continue de se d\u00e9grader faute de trouver 3,5 M\u20ac pour la restaurer, \u00e0 quelques dizaines de m\u00e8tres de la Canop\u00e9e dont le co\u00fbt s\u2019\u00e9l\u00e8ve d\u00e9sormais \u00e0 238 M\u20ac\u2026<\/p>\n<p><font color=\"red\"><strong>Derni\u00e8re nouvelle<\/strong><\/font> : apr\u00e8s le Conseil de Quartier des Halles et le Conseil d'Arrondissement, <strong>le Conseil de Paris a adopt\u00e9 \u00e0 l'unanimit\u00e9 le v\u0153u d\u00e9fendu par le Maire du 1er arrondissement pour lancer une op\u00e9ration de sauvegarde de la Fontaine des Innocents<\/strong> et initier son financement innovant.<\/p>\n<p>Lire l'article du Parisien du 1er d\u00e9cembre : <a href=\"http:\/\/www.accomplir.asso.fr\/accomplir\/wp-content\/uploads\/2014\/11\/20141201-Le-Parisien-Fontaine-des-Innocents.pdf\" target=\"_blank\">La fontaine des Innocents : chef-d'oeuvre en p\u00e9ril<\/a>.<\/p>\n","protected":false},"excerpt":{"rendered":"<p>En r\u00e9ponse \u00e0 la mobilisation du Conseil de quartier des Halles et de notre association, Nicolas Martin-Lalande, adjoint du maire du 1er, a pr\u00e9sent\u00e9 au conseil d\u2019arrondissement un v\u0153u concernant la restauration de la Fontaine des Innocents, dont la d\u00e9gradation s\u2019acc\u00e9l\u00e8re de fa\u00e7on pr\u00e9occupante depuis plusieurs ann\u00e9es. Ce v\u0153u a \u00e9t\u00e9 vot\u00e9 \u00e0 l\u2019unanimit\u00e9 et &hellip; <a href=\"http:\/\/www.accomplir.asso.fr\/accomplir\/?p=1794\" class=\"more-link\">Continuer la lecture de <span class=\"screen-reader-text\">Restauration de la Fontaine des Innocents<\/span>  <span class=\"meta-nav\">&rarr;<\/span><\/a><\/p>\n","protected":false},"author":4,"featured_media":0,"comment_status":"open","ping_status":"open","sticky":false,"template":"","format":"standard","meta":[],"categories":[5],"tags":[],"_links":{"self":[{"href":"http:\/\/www.accomplir.asso.fr\/accomplir\/index.php?rest_route=\/wp\/v2\/posts\/1794"}],"collection":[{"href":"http:\/\/www.accomplir.asso.fr\/accomplir\/index.php?rest_route=\/wp\/v2\/posts"}],"about":[{"href":"http:\/\/www.accomplir.asso.fr\/accomplir\/index.php?rest_route=\/wp\/v2\/types\/post"}],"author":[{"embeddable":true,"href":"http:\/\/www.accomplir.asso.fr\/accomplir\/index.php?rest_route=\/wp\/v2\/users\/4"}],"replies":[{"embeddable":true,"href":"http:\/\/www.accomplir.asso.fr\/accomplir\/index.php?rest_route=%2Fwp%2Fv2%2Fcomments&post=1794"}],"version-history":[{"count":16,"href":"http:\/\/www.accomplir.asso.fr\/accomplir\/index.php?rest_route=\/wp\/v2\/posts\/1794\/revisions"}],"predecessor-version":[{"id":1981,"href":"http:\/\/www.accomplir.asso.fr\/accomplir\/index.php?rest_route=\/wp\/v2\/posts\/1794\/revisions\/1981"}],"wp:attachment":[{"href":"http:\/\/www.accomplir.asso.fr\/accomplir\/index.php?rest_route=%2Fwp%2Fv2%2Fmedia&parent=1794"}],"wp:term":[{"taxonomy":"category","embeddable":true,"href":"http:\/\/www.accomplir.asso.fr\/accomplir\/index.php?rest_route=%2Fwp%2Fv2%2Fcategories&post=1794"},{"taxonomy":"post_tag","embeddable":true,"href":"http:\/\/www.accomplir.asso.fr\/accomplir\/index.php?rest_route=%2Fwp%2Fv2%2Ftags&post=1794"}],"curies":[{"name":"wp","href":"https:\/\/api.w.org\/{rel}","templated":true}]}}