{"id":1789,"date":"2014-11-07T12:05:10","date_gmt":"2014-11-07T11:05:10","guid":{"rendered":"http:\/\/www.accomplir.asso.fr\/accomplir\/?p=1789"},"modified":"2015-01-06T13:44:27","modified_gmt":"2015-01-06T12:44:27","slug":"la-terrasse-enio-demontee","status":"publish","type":"post","link":"http:\/\/www.accomplir.asso.fr\/accomplir\/?p=1789","title":{"rendered":"La terrasse Enio d\u00e9mont\u00e9e"},"content":{"rendered":"<p><a href=\"http:\/\/www.accomplir.asso.fr\/accomplir\/wp-content\/uploads\/2014\/11\/enio-terrasse-demonte.png\"><img loading=\"lazy\" src=\"http:\/\/www.accomplir.asso.fr\/accomplir\/wp-content\/uploads\/2014\/11\/enio-terrasse-demonte-300x224.png\" alt=\"enio-terrasse-demonte\" width=\"300\" height=\"224\" class=\"alignright size-medium wp-image-1838\" srcset=\"http:\/\/www.accomplir.asso.fr\/accomplir\/wp-content\/uploads\/2014\/11\/enio-terrasse-demonte-300x224.png 300w, http:\/\/www.accomplir.asso.fr\/accomplir\/wp-content\/uploads\/2014\/11\/enio-terrasse-demonte.png 477w\" sizes=\"(max-width: 300px) 100vw, 300px\" \/><\/a>Gr\u00e2ce \u00e0 notre mobilisation, \u00e0 celle des riverains et de la mairie du 1er, la terrasse et la b\u00e2che de la pizzeria Enio, rest\u00e9es en place depuis la fermeture du restaurant il y a un an, ont enfin \u00e9t\u00e9 d\u00e9mont\u00e9es. Nous esp\u00e9rons que lorsque le nouvel \u00e9tablissement ouvrira, l\u2019autorisation qui lui sera donn\u00e9e respectera le r\u00e8glement des terrasses. Il faut en particulier que l\u2019\u00e9tablissement soit en mesure de fonctionner sans sa terrasse, ce qui suppose que les cuisines n\u2019occupent pas tout l\u2019espace int\u00e9rieur. La terrasse ne doit constituer qu\u2019un \u00ab compl\u00e9ment \u00bb par rapport aux salles internes du restaurant. Dans le cas d\u2019Enio, tous les repas \u00e9taient servis sur la terrasse et la contre-terrasse (ill\u00e9gale), et un four avait m\u00eame \u00e9t\u00e9 temporairement install\u00e9 sur la terrasse elle-m\u00eame\u2026<\/p>\n","protected":false},"excerpt":{"rendered":"<p>Gr\u00e2ce \u00e0 notre mobilisation, \u00e0 celle des riverains et de la mairie du 1er, la terrasse et la b\u00e2che de la pizzeria Enio, rest\u00e9es en place depuis la fermeture du restaurant il y a un an, ont enfin \u00e9t\u00e9 d\u00e9mont\u00e9es. Nous esp\u00e9rons que lorsque le nouvel \u00e9tablissement ouvrira, l\u2019autorisation qui lui sera donn\u00e9e respectera le &hellip; <a href=\"http:\/\/www.accomplir.asso.fr\/accomplir\/?p=1789\" class=\"more-link\">Continuer la lecture de <span class=\"screen-reader-text\">La terrasse Enio d\u00e9mont\u00e9e<\/span>  <span class=\"meta-nav\">&rarr;<\/span><\/a><\/p>\n","protected":false},"author":4,"featured_media":0,"comment_status":"open","ping_status":"open","sticky":false,"template":"","format":"standard","meta":[],"categories":[5],"tags":[],"_links":{"self":[{"href":"http:\/\/www.accomplir.asso.fr\/accomplir\/index.php?rest_route=\/wp\/v2\/posts\/1789"}],"collection":[{"href":"http:\/\/www.accomplir.asso.fr\/accomplir\/index.php?rest_route=\/wp\/v2\/posts"}],"about":[{"href":"http:\/\/www.accomplir.asso.fr\/accomplir\/index.php?rest_route=\/wp\/v2\/types\/post"}],"author":[{"embeddable":true,"href":"http:\/\/www.accomplir.asso.fr\/accomplir\/index.php?rest_route=\/wp\/v2\/users\/4"}],"replies":[{"embeddable":true,"href":"http:\/\/www.accomplir.asso.fr\/accomplir\/index.php?rest_route=%2Fwp%2Fv2%2Fcomments&post=1789"}],"version-history":[{"count":2,"href":"http:\/\/www.accomplir.asso.fr\/accomplir\/index.php?rest_route=\/wp\/v2\/posts\/1789\/revisions"}],"predecessor-version":[{"id":1839,"href":"http:\/\/www.accomplir.asso.fr\/accomplir\/index.php?rest_route=\/wp\/v2\/posts\/1789\/revisions\/1839"}],"wp:attachment":[{"href":"http:\/\/www.accomplir.asso.fr\/accomplir\/index.php?rest_route=%2Fwp%2Fv2%2Fmedia&parent=1789"}],"wp:term":[{"taxonomy":"category","embeddable":true,"href":"http:\/\/www.accomplir.asso.fr\/accomplir\/index.php?rest_route=%2Fwp%2Fv2%2Fcategories&post=1789"},{"taxonomy":"post_tag","embeddable":true,"href":"http:\/\/www.accomplir.asso.fr\/accomplir\/index.php?rest_route=%2Fwp%2Fv2%2Ftags&post=1789"}],"curies":[{"name":"wp","href":"https:\/\/api.w.org\/{rel}","templated":true}]}}