{"id":1781,"date":"2014-11-07T12:07:12","date_gmt":"2014-11-07T11:07:12","guid":{"rendered":"http:\/\/www.accomplir.asso.fr\/accomplir\/?p=1781"},"modified":"2015-01-19T10:13:37","modified_gmt":"2015-01-19T09:13:37","slug":"toilettes-publiques","status":"publish","type":"post","link":"http:\/\/www.accomplir.asso.fr\/accomplir\/?p=1781","title":{"rendered":"Toilettes publiques"},"content":{"rendered":"<p><a href=\"http:\/\/www.accomplir.asso.fr\/accomplir\/wp-content\/uploads\/2014\/11\/toilettes.jpg\"><img loading=\"lazy\" src=\"http:\/\/www.accomplir.asso.fr\/accomplir\/wp-content\/uploads\/2014\/11\/toilettes-300x221.jpg\" alt=\"toilettes\" width=\"300\" height=\"221\" class=\"alignright size-medium wp-image-1782\" srcset=\"http:\/\/www.accomplir.asso.fr\/accomplir\/wp-content\/uploads\/2014\/11\/toilettes-300x221.jpg 300w, http:\/\/www.accomplir.asso.fr\/accomplir\/wp-content\/uploads\/2014\/11\/toilettes.jpg 776w\" sizes=\"(max-width: 300px) 100vw, 300px\" \/><\/a>La SemPariSeine a indiqu\u00e9 les emplacements envisag\u00e9s pour les quatre sanisettes Decaux pr\u00e9vues dans le jardin des Halles. Elles devraient \u00eatre install\u00e9es le long des all\u00e9es est-ouest situ\u00e9es de part et d\u2019autre de la grande all\u00e9e centrale, de fa\u00e7on \u00e0 ne pas indisposer les h\u00f4tels et restaurants, qui refusent d\u2019avoir des sanisettes devant leurs \u00e9tablissements. Deux d\u2019entre elles devraient sont pr\u00e9vues sur le parvis de la Canop\u00e9e (l\u2019une c\u00f4t\u00e9 nord, l\u2019autre c\u00f4t\u00e9 sud), la troisi\u00e8me \u00e0 la porte du Pont-Neuf, la quatri\u00e8me pr\u00e8s de la Bourse du Commerce, c\u00f4t\u00e9 nord.<br \/>\nSelon le Maire du 1er, Jean-Fran\u00e7ois Legaret, il y a un risque important que les B\u00e2timents de France s\u2019opposent \u00e0 l\u2019implantation de sanisettes en covisibilit\u00e9 avec les monuments historiques bordant le jardin, notamment Saint-Eustache et la Bourse du Commerce. Dominique Hucher, chef du projet, a indiqu\u00e9 que les B\u00e2timents de France n\u2019ont pas encore \u00e9t\u00e9 consult\u00e9s et nous avons insist\u00e9 pour qu\u2019ils le soient rapidement.<!--more--><\/p>\n<p>La solution la plus simple serait malgr\u00e9 tout de revenir \u00e0 ce que nous avions obtenu dans le cahier des charges du concours, \u00e0 savoir des toilettes publiques au rez-de-chauss\u00e9e de chacun des deux pavillons de la Canop\u00e9e, c\u00f4t\u00e9 Berger et c\u00f4t\u00e9 Rambuteau.<br \/>\nNous avons \u00e9crit il y a deux mois \u00e0 Alexis V\u00e9ron, directeur du Forum des Halles, pour lui demander de pr\u00e9voir des toilettes <strong>publiques et gratuites<\/strong> \u00e0 tous les \u00e9tages du Forum des Halles, y compris le rez-de-chauss\u00e9e, \u00e0 l\u2019exemple de ce qu\u2019on trouve au centre commercial des 4 Temps, \u00e9galement propri\u00e9t\u00e9 d\u2019Unibail. Aucune r\u00e9ponse pour l\u2019instant. Nous allons le rencontrer prochainement avec d\u2019autres membres du comit\u00e9 de suivi du chantier des Halles et nous ne manquerons pas de l\u2019interpeller \u00e0 nouveau sur cette question.<\/p>\n","protected":false},"excerpt":{"rendered":"<p>La SemPariSeine a indiqu\u00e9 les emplacements envisag\u00e9s pour les quatre sanisettes Decaux pr\u00e9vues dans le jardin des Halles. Elles devraient \u00eatre install\u00e9es le long des all\u00e9es est-ouest situ\u00e9es de part et d\u2019autre de la grande all\u00e9e centrale, de fa\u00e7on \u00e0 ne pas indisposer les h\u00f4tels et restaurants, qui refusent d\u2019avoir des sanisettes devant leurs \u00e9tablissements. &hellip; <a href=\"http:\/\/www.accomplir.asso.fr\/accomplir\/?p=1781\" class=\"more-link\">Continuer la lecture de <span class=\"screen-reader-text\">Toilettes publiques<\/span>  <span class=\"meta-nav\">&rarr;<\/span><\/a><\/p>\n","protected":false},"author":4,"featured_media":0,"comment_status":"open","ping_status":"open","sticky":false,"template":"","format":"standard","meta":[],"categories":[5],"tags":[],"_links":{"self":[{"href":"http:\/\/www.accomplir.asso.fr\/accomplir\/index.php?rest_route=\/wp\/v2\/posts\/1781"}],"collection":[{"href":"http:\/\/www.accomplir.asso.fr\/accomplir\/index.php?rest_route=\/wp\/v2\/posts"}],"about":[{"href":"http:\/\/www.accomplir.asso.fr\/accomplir\/index.php?rest_route=\/wp\/v2\/types\/post"}],"author":[{"embeddable":true,"href":"http:\/\/www.accomplir.asso.fr\/accomplir\/index.php?rest_route=\/wp\/v2\/users\/4"}],"replies":[{"embeddable":true,"href":"http:\/\/www.accomplir.asso.fr\/accomplir\/index.php?rest_route=%2Fwp%2Fv2%2Fcomments&post=1781"}],"version-history":[{"count":3,"href":"http:\/\/www.accomplir.asso.fr\/accomplir\/index.php?rest_route=\/wp\/v2\/posts\/1781\/revisions"}],"predecessor-version":[{"id":2174,"href":"http:\/\/www.accomplir.asso.fr\/accomplir\/index.php?rest_route=\/wp\/v2\/posts\/1781\/revisions\/2174"}],"wp:attachment":[{"href":"http:\/\/www.accomplir.asso.fr\/accomplir\/index.php?rest_route=%2Fwp%2Fv2%2Fmedia&parent=1781"}],"wp:term":[{"taxonomy":"category","embeddable":true,"href":"http:\/\/www.accomplir.asso.fr\/accomplir\/index.php?rest_route=%2Fwp%2Fv2%2Fcategories&post=1781"},{"taxonomy":"post_tag","embeddable":true,"href":"http:\/\/www.accomplir.asso.fr\/accomplir\/index.php?rest_route=%2Fwp%2Fv2%2Ftags&post=1781"}],"curies":[{"name":"wp","href":"https:\/\/api.w.org\/{rel}","templated":true}]}}