{"id":1770,"date":"2014-12-05T17:09:20","date_gmt":"2014-12-05T15:09:20","guid":{"rendered":"http:\/\/www.accomplir.asso.fr\/accomplir\/?p=1770"},"modified":"2015-05-02T23:27:29","modified_gmt":"2015-05-02T21:27:29","slug":"samaritaine-decision-finale-en-decembre","status":"publish","type":"post","link":"http:\/\/www.accomplir.asso.fr\/accomplir\/?p=1770","title":{"rendered":"Samaritaine : d\u00e9cision finale en janvier"},"content":{"rendered":"<p><a href=\"http:\/\/www.accomplir.asso.fr\/accomplir\/wp-content\/uploads\/2014\/11\/samar.jpg\"><img loading=\"lazy\" src=\"http:\/\/www.accomplir.asso.fr\/accomplir\/wp-content\/uploads\/2014\/11\/samar.jpg\" alt=\"samar\" width=\"265\" height=\"198\" class=\"alignright size-full wp-image-1771\" \/><\/a>La cour administrative d\u2019appel a suspendu l\u2019annulation du permis de construire du b\u00e2timent c\u00f4t\u00e9 Rivoli, d\u00e9cid\u00e9e par le tribunal administratif. Cette annulation avait \u00e9t\u00e9 obtenue par deux associations, la SPPEF (Soci\u00e9t\u00e9 pour la protection des paysages de l\u2019esth\u00e9tique de la France) et SOS Paris.<br \/>\nL\u2019audience du fond a eu lieu le 5 d\u00e9cembre et s'est tenue en s\u00e9ance pl\u00e9ni\u00e8re, comme pour la premi\u00e8re d\u00e9cision, ce qui montre l\u2019importance que la cour administrative d\u2019appel attache \u00e0 cette affaire.<br \/>\nLa cour administrative d'appel de Paris a mis en d\u00e9lib\u00e9r\u00e9 au 5 janvier sa d\u00e9cision sur l'annulation du permis de construire du chantier de r\u00e9novation du grand magasin la Samaritaine. Les travaux peuvent donc continuer.<br \/>\nPlus d'infos sur le <a href=\"http:\/\/www.collectif-samaritaine.fr\" target=\"_blank\">site du Collectif Samaritaine<\/a>.<\/p>\n","protected":false},"excerpt":{"rendered":"<p>La cour administrative d\u2019appel a suspendu l\u2019annulation du permis de construire du b\u00e2timent c\u00f4t\u00e9 Rivoli, d\u00e9cid\u00e9e par le tribunal administratif. Cette annulation avait \u00e9t\u00e9 obtenue par deux associations, la SPPEF (Soci\u00e9t\u00e9 pour la protection des paysages de l\u2019esth\u00e9tique de la France) et SOS Paris. L\u2019audience du fond a eu lieu le 5 d\u00e9cembre et s'est &hellip; <a href=\"http:\/\/www.accomplir.asso.fr\/accomplir\/?p=1770\" class=\"more-link\">Continuer la lecture de <span class=\"screen-reader-text\">Samaritaine : d\u00e9cision finale en janvier<\/span>  <span class=\"meta-nav\">&rarr;<\/span><\/a><\/p>\n","protected":false},"author":4,"featured_media":0,"comment_status":"open","ping_status":"open","sticky":false,"template":"","format":"standard","meta":[],"categories":[5],"tags":[],"_links":{"self":[{"href":"http:\/\/www.accomplir.asso.fr\/accomplir\/index.php?rest_route=\/wp\/v2\/posts\/1770"}],"collection":[{"href":"http:\/\/www.accomplir.asso.fr\/accomplir\/index.php?rest_route=\/wp\/v2\/posts"}],"about":[{"href":"http:\/\/www.accomplir.asso.fr\/accomplir\/index.php?rest_route=\/wp\/v2\/types\/post"}],"author":[{"embeddable":true,"href":"http:\/\/www.accomplir.asso.fr\/accomplir\/index.php?rest_route=\/wp\/v2\/users\/4"}],"replies":[{"embeddable":true,"href":"http:\/\/www.accomplir.asso.fr\/accomplir\/index.php?rest_route=%2Fwp%2Fv2%2Fcomments&post=1770"}],"version-history":[{"count":6,"href":"http:\/\/www.accomplir.asso.fr\/accomplir\/index.php?rest_route=\/wp\/v2\/posts\/1770\/revisions"}],"predecessor-version":[{"id":1988,"href":"http:\/\/www.accomplir.asso.fr\/accomplir\/index.php?rest_route=\/wp\/v2\/posts\/1770\/revisions\/1988"}],"wp:attachment":[{"href":"http:\/\/www.accomplir.asso.fr\/accomplir\/index.php?rest_route=%2Fwp%2Fv2%2Fmedia&parent=1770"}],"wp:term":[{"taxonomy":"category","embeddable":true,"href":"http:\/\/www.accomplir.asso.fr\/accomplir\/index.php?rest_route=%2Fwp%2Fv2%2Fcategories&post=1770"},{"taxonomy":"post_tag","embeddable":true,"href":"http:\/\/www.accomplir.asso.fr\/accomplir\/index.php?rest_route=%2Fwp%2Fv2%2Ftags&post=1770"}],"curies":[{"name":"wp","href":"https:\/\/api.w.org\/{rel}","templated":true}]}}