{"id":1342,"date":"2014-06-18T12:16:10","date_gmt":"2014-06-18T11:16:10","guid":{"rendered":"http:\/\/www.accomplir.asso.fr\/accomplir\/?p=1342"},"modified":"2015-01-06T13:47:48","modified_gmt":"2015-01-06T12:47:48","slug":"lancer-la-restauration-de-la-fontaine-des-innocents","status":"publish","type":"post","link":"http:\/\/www.accomplir.asso.fr\/accomplir\/?p=1342","title":{"rendered":"Lancer la restauration de la fontaine des Innocents"},"content":{"rendered":"<p><a href=\"http:\/\/www.accomplir.asso.fr\/accomplir\/wp-content\/uploads\/2014\/06\/fontaine_innocents.jpg\"><img loading=\"lazy\" src=\"http:\/\/www.accomplir.asso.fr\/accomplir\/wp-content\/uploads\/2014\/06\/fontaine_innocents.jpg\" alt=\"Fontaine des Innocents\" width=\"295\" height=\"219\" class=\"alignright size-full wp-image-1343\" \/><\/a>Lors du dernier conseil d\u2019arrondissement l'association Accomplir a demand\u00e9 au Maire du 1er Jean-Fran\u00e7ois Legaret s\u2019il voulait bien relancer le projet de restauration de la fontaine des Innocents.<br \/>\nDes \u00e9tudes ont \u00e9t\u00e9 men\u00e9es il y a quelques ann\u00e9es et un devis avait m\u00eame \u00e9t\u00e9 r\u00e9alis\u00e9 mais nous n\u2019avons pas d\u2019informations plus pr\u00e9cises \u00e0 ce sujet. Lo\u00efg Raoul, conseiller d\u2019opposition, a indiqu\u00e9 que ce projet figurait en bonne place sur la liste \u00ab d'investissements prioritaires \u00bb sur le patrimoine de la Ville. M. Legaret a accept\u00e9 de pr\u00e9senter un v\u0153u en ce sens au Conseil de Paris. Sans doute faudrait-il envisager un projet cofinanc\u00e9 public\/priv\u00e9 sur le mod\u00e8le de ce qui vient d\u2019\u00eatre fait pour la \u00ab ceinture de lumi\u00e8re \u00bb de l\u2019Op\u00e9ra. Il est probable qu\u2019un grand nombre d\u2019habitants et de commer\u00e7ants seraient d\u2019accord pour contribuer, m\u00eame modestement, \u00e0 la r\u00e9novation de cette fontaine, l\u2019un des plus beaux ornements du 1er arrondissement. Nous attendons avec impatience le d\u00e9p\u00f4t du v\u0153u du maire du 1er et son r\u00e9sultat.<br \/>\nPlus d'infos sur la Fontaine des Innocents sur le site <a href=\"http:\/\/fr.wikipedia.org\/wiki\/Fontaine_des_Innocents\" title=\"Wikipedia\" target=\"_blank\">Wikipedia<\/a>.<\/p>\n","protected":false},"excerpt":{"rendered":"<p>Lors du dernier conseil d\u2019arrondissement l'association Accomplir a demand\u00e9 au Maire du 1er Jean-Fran\u00e7ois Legaret s\u2019il voulait bien relancer le projet de restauration de la fontaine des Innocents. Des \u00e9tudes ont \u00e9t\u00e9 men\u00e9es il y a quelques ann\u00e9es et un devis avait m\u00eame \u00e9t\u00e9 r\u00e9alis\u00e9 mais nous n\u2019avons pas d\u2019informations plus pr\u00e9cises \u00e0 ce sujet. &hellip; <a href=\"http:\/\/www.accomplir.asso.fr\/accomplir\/?p=1342\" class=\"more-link\">Continuer la lecture de <span class=\"screen-reader-text\">Lancer la restauration de la fontaine des Innocents<\/span>  <span class=\"meta-nav\">&rarr;<\/span><\/a><\/p>\n","protected":false},"author":4,"featured_media":0,"comment_status":"open","ping_status":"open","sticky":false,"template":"","format":"standard","meta":[],"categories":[5],"tags":[],"_links":{"self":[{"href":"http:\/\/www.accomplir.asso.fr\/accomplir\/index.php?rest_route=\/wp\/v2\/posts\/1342"}],"collection":[{"href":"http:\/\/www.accomplir.asso.fr\/accomplir\/index.php?rest_route=\/wp\/v2\/posts"}],"about":[{"href":"http:\/\/www.accomplir.asso.fr\/accomplir\/index.php?rest_route=\/wp\/v2\/types\/post"}],"author":[{"embeddable":true,"href":"http:\/\/www.accomplir.asso.fr\/accomplir\/index.php?rest_route=\/wp\/v2\/users\/4"}],"replies":[{"embeddable":true,"href":"http:\/\/www.accomplir.asso.fr\/accomplir\/index.php?rest_route=%2Fwp%2Fv2%2Fcomments&post=1342"}],"version-history":[{"count":4,"href":"http:\/\/www.accomplir.asso.fr\/accomplir\/index.php?rest_route=\/wp\/v2\/posts\/1342\/revisions"}],"predecessor-version":[{"id":1454,"href":"http:\/\/www.accomplir.asso.fr\/accomplir\/index.php?rest_route=\/wp\/v2\/posts\/1342\/revisions\/1454"}],"wp:attachment":[{"href":"http:\/\/www.accomplir.asso.fr\/accomplir\/index.php?rest_route=%2Fwp%2Fv2%2Fmedia&parent=1342"}],"wp:term":[{"taxonomy":"category","embeddable":true,"href":"http:\/\/www.accomplir.asso.fr\/accomplir\/index.php?rest_route=%2Fwp%2Fv2%2Fcategories&post=1342"},{"taxonomy":"post_tag","embeddable":true,"href":"http:\/\/www.accomplir.asso.fr\/accomplir\/index.php?rest_route=%2Fwp%2Fv2%2Ftags&post=1342"}],"curies":[{"name":"wp","href":"https:\/\/api.w.org\/{rel}","templated":true}]}}